{"id":3699,"date":"2016-10-18T13:52:19","date_gmt":"2016-10-18T12:52:19","guid":{"rendered":"http:\/\/www.ess-rv.de\/?p=3699"},"modified":"2016-10-18T13:52:19","modified_gmt":"2016-10-18T12:52:19","slug":"workshop-im-kunstmuseum-ravensburg","status":"publish","type":"post","link":"https:\/\/www.ess-rv.de\/?p=3699","title":{"rendered":"Workshop im Kunstmuseum Ravensburg"},"content":{"rendered":"<p><div id='gallery-1' class='gallery galleryid-3699 gallery-columns-3 gallery-size-thumbnail'><figure class='gallery-item'>\n\t\t\t<div class='gallery-icon landscape'>\n\t\t\t\t<a href='https:\/\/www.ess-rv.de\/wp-content\/uploads\/2016\/10\/CIMG2833_1024.jpg'><img loading=\"lazy\" decoding=\"async\" width=\"180\" height=\"180\" src=\"https:\/\/www.ess-rv.de\/wp-content\/uploads\/2016\/10\/CIMG2833_1024-180x180.jpg\" class=\"attachment-thumbnail size-thumbnail\" alt=\"\" \/><\/a>\n\t\t\t<\/div><\/figure><figure class='gallery-item'>\n\t\t\t<div class='gallery-icon landscape'>\n\t\t\t\t<a href='https:\/\/www.ess-rv.de\/wp-content\/uploads\/2016\/10\/Kunstmuseum-2016_1024.jpg'><img loading=\"lazy\" decoding=\"async\" width=\"180\" height=\"180\" src=\"https:\/\/www.ess-rv.de\/wp-content\/uploads\/2016\/10\/Kunstmuseum-2016_1024-180x180.jpg\" class=\"attachment-thumbnail size-thumbnail\" alt=\"\" \/><\/a>\n\t\t\t<\/div><\/figure>\n\t\t<\/div>\nDas VAB 2 besuchte zu Schuljahresbeginn die Ausstellung des ravensburger Fotografen Guido Mangold. Im anschlie\u00dfenden Workshop verfremdeten die Sch\u00fclerinnen und Sch\u00fcler die zuvor gesehenen Objekte. Sehr beeindruckt waren die Jugendlichen mit Migrationshintergrund, dass Guido Mangold als junger Mann nur mit einem Koffer und ohne Sprachkenntnisse nach Kanada auswanderte und ein international ber\u00fchmter K\u00fcnstler wurde.<\/p>\n","protected":false},"excerpt":{"rendered":"<p>Das VAB 2 besuchte zu Schuljahresbeginn die Ausstellung des ravensburger Fotografen Guido Mangold. Im anschlie\u00dfenden Workshop verfremdeten die Sch\u00fclerinnen und Sch\u00fcler die zuvor gesehenen Objekte. Sehr beeindruckt waren die Jugendlichen mit Migrationshintergrund, dass Guido Mangold als junger Mann nur mit einem Koffer und ohne Sprachkenntnisse nach Kanada auswanderte und ein international ber\u00fchmter K\u00fcnstler wurde.<\/p>\n","protected":false},"author":3,"featured_media":0,"comment_status":"closed","ping_status":"closed","sticky":false,"template":"","format":"standard","meta":{"footnotes":"","_links_to":"","_links_to_target":""},"categories":[18,2,106,198,32],"tags":[407,49,22],"class_list":["post-3699","post","type-post","status-publish","format-standard","hentry","category-ausserschulische-veranstaltung","category-bildungsangebot","category-kunst","category-standort-ravensburg","category-vab","tag-2016-2017","tag-ravensburg","tag-vab"],"_links":{"self":[{"href":"https:\/\/www.ess-rv.de\/index.php?rest_route=\/wp\/v2\/posts\/3699","targetHints":{"allow":["GET"]}}],"collection":[{"href":"https:\/\/www.ess-rv.de\/index.php?rest_route=\/wp\/v2\/posts"}],"about":[{"href":"https:\/\/www.ess-rv.de\/index.php?rest_route=\/wp\/v2\/types\/post"}],"author":[{"embeddable":true,"href":"https:\/\/www.ess-rv.de\/index.php?rest_route=\/wp\/v2\/users\/3"}],"replies":[{"embeddable":true,"href":"https:\/\/www.ess-rv.de\/index.php?rest_route=%2Fwp%2Fv2%2Fcomments&post=3699"}],"version-history":[{"count":1,"href":"https:\/\/www.ess-rv.de\/index.php?rest_route=\/wp\/v2\/posts\/3699\/revisions"}],"predecessor-version":[{"id":3702,"href":"https:\/\/www.ess-rv.de\/index.php?rest_route=\/wp\/v2\/posts\/3699\/revisions\/3702"}],"wp:attachment":[{"href":"https:\/\/www.ess-rv.de\/index.php?rest_route=%2Fwp%2Fv2%2Fmedia&parent=3699"}],"wp:term":[{"taxonomy":"category","embeddable":true,"href":"https:\/\/www.ess-rv.de\/index.php?rest_route=%2Fwp%2Fv2%2Fcategories&post=3699"},{"taxonomy":"post_tag","embeddable":true,"href":"https:\/\/www.ess-rv.de\/index.php?rest_route=%2Fwp%2Fv2%2Ftags&post=3699"}],"curies":[{"name":"wp","href":"https:\/\/api.w.org\/{rel}","templated":true}]}}