{"id":3707,"date":"2016-10-21T10:54:35","date_gmt":"2016-10-21T09:54:35","guid":{"rendered":"http:\/\/www.ess-rv.de\/?p=3707"},"modified":"2016-10-21T10:54:35","modified_gmt":"2016-10-21T09:54:35","slug":"vab2-beim-workshop-poetry-slam","status":"publish","type":"post","link":"https:\/\/www.ess-rv.de\/?p=3707","title":{"rendered":"VAB2 beim Workshop Poetry-Slam"},"content":{"rendered":"<div id='gallery-1' class='gallery galleryid-3707 gallery-columns-3 gallery-size-thumbnail'><figure class='gallery-item'>\n\t\t\t<div class='gallery-icon landscape'>\n\t\t\t\t<a href='https:\/\/www.ess-rv.de\/wp-content\/uploads\/2016\/10\/Texten-2_1024.jpg'><img loading=\"lazy\" decoding=\"async\" width=\"180\" height=\"180\" src=\"https:\/\/www.ess-rv.de\/wp-content\/uploads\/2016\/10\/Texten-2_1024-180x180.jpg\" class=\"attachment-thumbnail size-thumbnail\" alt=\"\" \/><\/a>\n\t\t\t<\/div><\/figure><figure class='gallery-item'>\n\t\t\t<div class='gallery-icon landscape'>\n\t\t\t\t<a href='https:\/\/www.ess-rv.de\/wp-content\/uploads\/2016\/10\/Texten-5_1024.jpg'><img loading=\"lazy\" decoding=\"async\" width=\"180\" height=\"180\" src=\"https:\/\/www.ess-rv.de\/wp-content\/uploads\/2016\/10\/Texten-5_1024-180x180.jpg\" class=\"attachment-thumbnail size-thumbnail\" alt=\"\" \/><\/a>\n\t\t\t<\/div><\/figure><figure class='gallery-item'>\n\t\t\t<div class='gallery-icon landscape'>\n\t\t\t\t<a href='https:\/\/www.ess-rv.de\/wp-content\/uploads\/2016\/10\/Diskutieren-1_1024.jpg'><img loading=\"lazy\" decoding=\"async\" width=\"180\" height=\"180\" src=\"https:\/\/www.ess-rv.de\/wp-content\/uploads\/2016\/10\/Diskutieren-1_1024-180x180.jpg\" class=\"attachment-thumbnail size-thumbnail\" alt=\"\" \/><\/a>\n\t\t\t<\/div><\/figure>\n\t\t<\/div>\n\n<p>Am 12. Oktober 2016 besuchten wir den dreist\u00fcndigen Workshop Poetry-Slam im Jugendhaus Ravensburg. Die beiden Profislamer Pauline F\u00fcg und Tobias Heyel f\u00fchrten uns in ihre Welt der Texte ein und regten uns an, eigene Texte zu den Themen &#8222;Ich&#8220; und &#8222;Heimat&#8220; zu verfassen. Wir diskutierten, \u00fcberlegten, schrieben Texte, fragten nach und trugen schlie\u00dflich nach zweieinhalb Stunden intensiver Arbeit unsere Texte vor. Wir waren sehr erstaunt, wie gut das klappte, obwohl wir zum Teil erst seit wenigen Monaten die deutsche Sprache lernen. <\/p>\n","protected":false},"excerpt":{"rendered":"<p>Am 12. Oktober 2016 besuchten wir den dreist\u00fcndigen Workshop Poetry-Slam im Jugendhaus Ravensburg. Die beiden Profislamer Pauline F\u00fcg und Tobias Heyel f\u00fchrten uns in ihre Welt der Texte ein und regten uns an, eigene Texte zu den Themen &#8222;Ich&#8220; und &#8222;Heimat&#8220; zu verfassen. Wir diskutierten, \u00fcberlegten, schrieben Texte, fragten nach und trugen schlie\u00dflich nach zweieinhalb &hellip; <a href=\"https:\/\/www.ess-rv.de\/?p=3707\" class=\"more-link\"><span class=\"screen-reader-text\">VAB2 beim Workshop Poetry-Slam<\/span> weiterlesen <span class=\"meta-nav\">&rarr;<\/span><\/a><\/p>\n","protected":false},"author":3,"featured_media":0,"comment_status":"closed","ping_status":"closed","sticky":false,"template":"","format":"standard","meta":{"footnotes":"","_links_to":"","_links_to_target":""},"categories":[18,2,198,65,32],"tags":[407,352,49,22],"class_list":["post-3707","post","type-post","status-publish","format-standard","hentry","category-ausserschulische-veranstaltung","category-bildungsangebot","category-standort-ravensburg","category-theater","category-vab","tag-2016-2017","tag-poetry-slam","tag-ravensburg","tag-vab"],"_links":{"self":[{"href":"https:\/\/www.ess-rv.de\/index.php?rest_route=\/wp\/v2\/posts\/3707","targetHints":{"allow":["GET"]}}],"collection":[{"href":"https:\/\/www.ess-rv.de\/index.php?rest_route=\/wp\/v2\/posts"}],"about":[{"href":"https:\/\/www.ess-rv.de\/index.php?rest_route=\/wp\/v2\/types\/post"}],"author":[{"embeddable":true,"href":"https:\/\/www.ess-rv.de\/index.php?rest_route=\/wp\/v2\/users\/3"}],"replies":[{"embeddable":true,"href":"https:\/\/www.ess-rv.de\/index.php?rest_route=%2Fwp%2Fv2%2Fcomments&post=3707"}],"version-history":[{"count":2,"href":"https:\/\/www.ess-rv.de\/index.php?rest_route=\/wp\/v2\/posts\/3707\/revisions"}],"predecessor-version":[{"id":3712,"href":"https:\/\/www.ess-rv.de\/index.php?rest_route=\/wp\/v2\/posts\/3707\/revisions\/3712"}],"wp:attachment":[{"href":"https:\/\/www.ess-rv.de\/index.php?rest_route=%2Fwp%2Fv2%2Fmedia&parent=3707"}],"wp:term":[{"taxonomy":"category","embeddable":true,"href":"https:\/\/www.ess-rv.de\/index.php?rest_route=%2Fwp%2Fv2%2Fcategories&post=3707"},{"taxonomy":"post_tag","embeddable":true,"href":"https:\/\/www.ess-rv.de\/index.php?rest_route=%2Fwp%2Fv2%2Ftags&post=3707"}],"curies":[{"name":"wp","href":"https:\/\/api.w.org\/{rel}","templated":true}]}}