{"id":3752,"date":"2016-11-07T12:26:25","date_gmt":"2016-11-07T11:26:25","guid":{"rendered":"http:\/\/www.ess-rv.de\/?p=3752"},"modified":"2016-11-07T12:27:44","modified_gmt":"2016-11-07T11:27:44","slug":"3752","status":"publish","type":"post","link":"https:\/\/www.ess-rv.de\/?p=3752","title":{"rendered":""},"content":{"rendered":"<p><img loading=\"lazy\" decoding=\"async\" class=\"size-full wp-image-2770 aligncenter\" style=\"border: 0px;\" src=\"http:\/\/www.ess-rv.de\/wp-content\/uploads\/2015\/12\/infoabende-e1449176879743.png\" alt=\"infoabende\" width=\"350\" height=\"85\" \/><\/p>\n<p>&nbsp;<\/p>\n<div class=\"zelle\" style=\"font: 500, sans-serif; text-transform: uppercase; color: #223; margin: 0; padding: 5px 5px 5px 10px; background-color: #fd4; display: block; border-bottom: 0px solid #fd4; border-left: 25px solid #fc0; margin-bottom: 15px; position: relative; left: -85px;\">Am Standort <strong>Ravensburg<\/strong>, Dienstag, 31. Januar 2017<\/div>\n<p><strong>Berufliche Gymnasien<\/strong><\/p>\n<ul>\n<li>Agrarwissenschaftliches Gymnasium<\/li>\n<li>Biotechnologisches Gymnasium<\/li>\n<li>Ern\u00e4hrungswissenschaftliches Gymnasium<\/li>\n<li>Sozial- und Gesundheitswissenschaftliches Gymnasium<\/li>\n<\/ul>\n<p>Ab 18:30 bis 21:00 Uhr: Vorstellung der Profile, Ebenen 0 und 1<br \/>\nJeweils um 19:00 Uhr \u00a0und 20:00 Uhr: Kurzinformation zur Bewerbung und Aufnahme im H\u00f6rsaal<br \/>\nAbteilungsleiterin\u00a0Frau Brigitte Sch\u00fcrmann 0751 368-214<\/p>\n<p><strong>Berufskollegs<\/strong><\/p>\n<p>18:00 Uhr: Allgemeine Informationen im H\u00f6rsaal mit anschlie\u00dfendem Besuch der Themenr\u00e4ume<br \/>\nAbteilungsleiterin\u00a0Frau Andrea Arnhold 0751 368-213<\/p>\n<p><strong>Berufsfachschule f\u00fcr Kinderpflege<\/strong><\/p>\n<p>18:00 Uhr: Allgemeine Informationen in Raum 069 mit anschlie\u00dfendem Besuch der Themenr\u00e4ume<br \/>\nAbteilungsleiterin Frau Iris K\u00f6berle-Jakubek 0751 368-212<\/p>\n<p><strong>Zweij. Berufsfachschule f\u00fcr Ern\u00e4hrung &amp; Hauswirtschaft<\/strong><br \/>\n<strong>Zweij. Berufsfachschule f\u00fcr Gesundheit &amp; Pflege<\/strong><\/p>\n<p>18:45 Uhr: Allgemeine Informationen in Raum 069 mit anschlie\u00dfendem Besuch der Themenr\u00e4ume<br \/>\nAbteilungsleiterin Frau Iris K\u00f6berle-Jakubek 0751 368-212<\/p>\n<div class=\"zelle\" style=\"font: 500, sans-serif; text-transform: uppercase; color: #223; margin: 0; padding: 5px 5px 5px 10px; background-color: #fd4; display: block; border-bottom: 0px solid #fd4; border-left: 25px solid #fc0; margin-bottom: 15px; position: relative; left: -85px;\">Am Standort <strong>Aulendorf<\/strong>, Donnerstag, 2. Februar 2017<\/div>\n<p><strong>Sozial- und Gesundheitswissenschaftliches Gymnasium<\/strong><\/p>\n<p>19:00 Uhr Begr\u00fc\u00dfung in der Aula mit anschlie\u00dfendem Besuch der Themenr\u00e4ume<br \/>\nAbteilungsleiterin Frau Dr. Beate Luther-Kirner 07525 92406-11<\/p>\n","protected":false},"excerpt":{"rendered":"<p>&nbsp; Am Standort Ravensburg, Dienstag, 31. Januar 2017 Berufliche Gymnasien Agrarwissenschaftliches Gymnasium Biotechnologisches Gymnasium Ern\u00e4hrungswissenschaftliches Gymnasium Sozial- und Gesundheitswissenschaftliches Gymnasium Ab 18:30 bis 21:00 Uhr: Vorstellung der Profile, Ebenen 0 und 1 Jeweils um 19:00 Uhr \u00a0und 20:00 Uhr: Kurzinformation zur Bewerbung und Aufnahme im H\u00f6rsaal Abteilungsleiterin\u00a0Frau Brigitte Sch\u00fcrmann 0751 368-214 Berufskollegs 18:00 Uhr: Allgemeine &hellip; <a href=\"https:\/\/www.ess-rv.de\/?p=3752\" class=\"more-link\"><span class=\"screen-reader-text\"><\/span> weiterlesen <span class=\"meta-nav\">&rarr;<\/span><\/a><\/p>\n","protected":false},"author":3,"featured_media":0,"comment_status":"closed","ping_status":"closed","sticky":false,"template":"","format":"aside","meta":{"footnotes":"","_links_to":"","_links_to_target":""},"categories":[2],"tags":[],"class_list":["post-3752","post","type-post","status-publish","format-aside","hentry","category-bildungsangebot","post_format-post-format-aside"],"_links":{"self":[{"href":"https:\/\/www.ess-rv.de\/index.php?rest_route=\/wp\/v2\/posts\/3752","targetHints":{"allow":["GET"]}}],"collection":[{"href":"https:\/\/www.ess-rv.de\/index.php?rest_route=\/wp\/v2\/posts"}],"about":[{"href":"https:\/\/www.ess-rv.de\/index.php?rest_route=\/wp\/v2\/types\/post"}],"author":[{"embeddable":true,"href":"https:\/\/www.ess-rv.de\/index.php?rest_route=\/wp\/v2\/users\/3"}],"replies":[{"embeddable":true,"href":"https:\/\/www.ess-rv.de\/index.php?rest_route=%2Fwp%2Fv2%2Fcomments&post=3752"}],"version-history":[{"count":35,"href":"https:\/\/www.ess-rv.de\/index.php?rest_route=\/wp\/v2\/posts\/3752\/revisions"}],"predecessor-version":[{"id":3784,"href":"https:\/\/www.ess-rv.de\/index.php?rest_route=\/wp\/v2\/posts\/3752\/revisions\/3784"}],"wp:attachment":[{"href":"https:\/\/www.ess-rv.de\/index.php?rest_route=%2Fwp%2Fv2%2Fmedia&parent=3752"}],"wp:term":[{"taxonomy":"category","embeddable":true,"href":"https:\/\/www.ess-rv.de\/index.php?rest_route=%2Fwp%2Fv2%2Fcategories&post=3752"},{"taxonomy":"post_tag","embeddable":true,"href":"https:\/\/www.ess-rv.de\/index.php?rest_route=%2Fwp%2Fv2%2Ftags&post=3752"}],"curies":[{"name":"wp","href":"https:\/\/api.w.org\/{rel}","templated":true}]}}