{"id":3809,"date":"2016-11-13T10:37:27","date_gmt":"2016-11-13T09:37:27","guid":{"rendered":"http:\/\/www.ess-rv.de\/?p=3809"},"modified":"2016-11-13T10:38:20","modified_gmt":"2016-11-13T09:38:20","slug":"die-klassen-2bkh2-und-btg-2-entdecken-prag","status":"publish","type":"post","link":"https:\/\/www.ess-rv.de\/?p=3809","title":{"rendered":"Die Klassen 2BKH2 und BTG 2 entdecken Prag"},"content":{"rendered":"<div id='gallery-1' class='gallery galleryid-3809 gallery-columns-3 gallery-size-thumbnail'><figure class='gallery-item'>\n\t\t\t<div class='gallery-icon landscape'>\n\t\t\t\t<a href='https:\/\/www.ess-rv.de\/wp-content\/uploads\/2016\/11\/P1010130_1024.jpg'><img loading=\"lazy\" decoding=\"async\" width=\"180\" height=\"180\" src=\"https:\/\/www.ess-rv.de\/wp-content\/uploads\/2016\/11\/P1010130_1024-180x180.jpg\" class=\"attachment-thumbnail size-thumbnail\" alt=\"\" \/><\/a>\n\t\t\t<\/div><\/figure><figure class='gallery-item'>\n\t\t\t<div class='gallery-icon landscape'>\n\t\t\t\t<a href='https:\/\/www.ess-rv.de\/wp-content\/uploads\/2016\/11\/Oper_1024.jpg'><img loading=\"lazy\" decoding=\"async\" width=\"180\" height=\"180\" src=\"https:\/\/www.ess-rv.de\/wp-content\/uploads\/2016\/11\/Oper_1024-180x180.jpg\" class=\"attachment-thumbnail size-thumbnail\" alt=\"\" \/><\/a>\n\t\t\t<\/div><\/figure><figure class='gallery-item'>\n\t\t\t<div class='gallery-icon landscape'>\n\t\t\t\t<a href='https:\/\/www.ess-rv.de\/wp-content\/uploads\/2016\/11\/Bild-Klasse_1024.jpg'><img loading=\"lazy\" decoding=\"async\" width=\"180\" height=\"180\" src=\"https:\/\/www.ess-rv.de\/wp-content\/uploads\/2016\/11\/Bild-Klasse_1024-180x180.jpg\" class=\"attachment-thumbnail size-thumbnail\" alt=\"\" \/><\/a>\n\t\t\t<\/div><\/figure>\n\t\t<\/div>\n\n<p>Am 17. Oktober 2016 starteten wir p\u00fcnktlich um 9:00 Uhr zu einer 7 st\u00fcndigen Busfahrt nach Prag. Dort angekommen, bot sich gleich die M\u00f6glichkeit zu einem kleinen Stadtspaziergang. Viel Zeit um abends auszugehen blieb nicht, weil am n\u00e4chsten Tag schon um 9:00 Uhr eine F\u00fchrung durch die Altstadt auf dem Programm stand. Prag ist eine wundersch\u00f6ne Stadt mit imposanten Sehensw\u00fcrdigkeiten, wie die Karlsbr\u00fccke oder der Rathausplatz. Am Nachmittag <!--more-->durften wir Prag selber besichtigen um das ein oder andere noch einmal anzuschauen oder auch was einzukaufen. Abends ging es dann entweder in die Oper zu \u201eLa Traviata\u201c oder man besuchte das \u201eSchwarze Theater\u201c. Beides kam gut bei uns an. W\u00e4hrend die eine Gruppe am n\u00e4chsten Tag morgens Zeit zur freien Verf\u00fcgung hatte, hat sich die andere Gruppe zur Prager Burg mit dem Veitsdom und dem goldenen G\u00e4sschen aufgemacht. Unsere Reisef\u00fchrerin Helena hatte viel zu erz\u00e4hlen, wir konnten sie auch stets mit Fragen bombardieren und bekamen immer eine Antwort. Mittags ging es dann in die \u0160koda Werke wo wir die Geschichte dieser Firma kennen lernten sowie die Montagestrasse miterleben konnten. Am Donnerstagvormittag besichtigte die andere Gruppe die Prager Burg. Mittags durften wir dann die zweitgr\u00f6\u00dfte Brauerei Tschechiens besichtigen, Staropramen. Zum kr\u00f6nenden Abschluss haben wir das Abendessen bei der Moldauschifffahrt genossen und konnten Prag noch ein letztes Mal in seiner ganzen Pracht bestaunen. Denn am n\u00e4chsten Tag ging es wieder auf nach Hause, wo alle sehnlichst auf gutes schw\u00e4bischen Essen warteten. Hiermit danken wir unseren Lehrern Frau W\u00f6llhaf, Frau Nassal, Frau Linz und Herrn Me\u00dfmer f\u00fcr ihre tolle Organisation. Wir hatten es immer sehr lustig mit ihnen und f\u00fcr alle war es eine unvergessliche Reise.<\/p>\n","protected":false},"excerpt":{"rendered":"<p>Am 17. Oktober 2016 starteten wir p\u00fcnktlich um 9:00 Uhr zu einer 7 st\u00fcndigen Busfahrt nach Prag. Dort angekommen, bot sich gleich die M\u00f6glichkeit zu einem kleinen Stadtspaziergang. Viel Zeit um abends auszugehen blieb nicht, weil am n\u00e4chsten Tag schon um 9:00 Uhr eine F\u00fchrung durch die Altstadt auf dem Programm stand. Prag ist eine &hellip; <a href=\"https:\/\/www.ess-rv.de\/?p=3809\" class=\"more-link\"><span class=\"screen-reader-text\">Die Klassen 2BKH2 und BTG 2 entdecken Prag<\/span> weiterlesen <span class=\"meta-nav\">&rarr;<\/span><\/a><\/p>\n","protected":false},"author":3,"featured_media":0,"comment_status":"closed","ping_status":"closed","sticky":false,"template":"","format":"standard","meta":{"footnotes":"","_links_to":"","_links_to_target":""},"categories":[315,18,29,7,2,200,156,302],"tags":[407,148,77,160,306,303],"class_list":["post-3809","post","type-post","status-publish","format-standard","hentry","category-2bkh","category-ausserschulische-veranstaltung","category-berufliche-gymnasien","category-berufskolleg","category-bildungsangebot","category-btg","category-klassenfahrt","category-studienfahrt","tag-2016-2017","tag-berufliche-gymnasien","tag-berufskolleg","tag-klassenfahrt","tag-prag","tag-studienfahrt"],"_links":{"self":[{"href":"https:\/\/www.ess-rv.de\/index.php?rest_route=\/wp\/v2\/posts\/3809","targetHints":{"allow":["GET"]}}],"collection":[{"href":"https:\/\/www.ess-rv.de\/index.php?rest_route=\/wp\/v2\/posts"}],"about":[{"href":"https:\/\/www.ess-rv.de\/index.php?rest_route=\/wp\/v2\/types\/post"}],"author":[{"embeddable":true,"href":"https:\/\/www.ess-rv.de\/index.php?rest_route=\/wp\/v2\/users\/3"}],"replies":[{"embeddable":true,"href":"https:\/\/www.ess-rv.de\/index.php?rest_route=%2Fwp%2Fv2%2Fcomments&post=3809"}],"version-history":[{"count":2,"href":"https:\/\/www.ess-rv.de\/index.php?rest_route=\/wp\/v2\/posts\/3809\/revisions"}],"predecessor-version":[{"id":3814,"href":"https:\/\/www.ess-rv.de\/index.php?rest_route=\/wp\/v2\/posts\/3809\/revisions\/3814"}],"wp:attachment":[{"href":"https:\/\/www.ess-rv.de\/index.php?rest_route=%2Fwp%2Fv2%2Fmedia&parent=3809"}],"wp:term":[{"taxonomy":"category","embeddable":true,"href":"https:\/\/www.ess-rv.de\/index.php?rest_route=%2Fwp%2Fv2%2Fcategories&post=3809"},{"taxonomy":"post_tag","embeddable":true,"href":"https:\/\/www.ess-rv.de\/index.php?rest_route=%2Fwp%2Fv2%2Ftags&post=3809"}],"curies":[{"name":"wp","href":"https:\/\/api.w.org\/{rel}","templated":true}]}}