{"id":3913,"date":"2016-12-14T09:03:37","date_gmt":"2016-12-14T08:03:37","guid":{"rendered":"http:\/\/www.ess-rv.de\/?p=3913"},"modified":"2016-12-14T09:03:37","modified_gmt":"2016-12-14T08:03:37","slug":"heilkosmetik-aus-der-apotheke","status":"publish","type":"post","link":"https:\/\/www.ess-rv.de\/?p=3913","title":{"rendered":"Heilkosmetik aus der Apotheke"},"content":{"rendered":"<div id='gallery-1' class='gallery galleryid-3913 gallery-columns-3 gallery-size-thumbnail'><figure class='gallery-item'>\n\t\t\t<div class='gallery-icon landscape'>\n\t\t\t\t<a href='https:\/\/www.ess-rv.de\/wp-content\/uploads\/2016\/12\/heilkosmetik1_1024.jpg'><img loading=\"lazy\" decoding=\"async\" width=\"180\" height=\"180\" src=\"https:\/\/www.ess-rv.de\/wp-content\/uploads\/2016\/12\/heilkosmetik1_1024-180x180.jpg\" class=\"attachment-thumbnail size-thumbnail\" alt=\"\" aria-describedby=\"gallery-1-3915\" \/><\/a>\n\t\t\t<\/div>\n\t\t\t\t<figcaption class='wp-caption-text gallery-caption' id='gallery-1-3915'>\n\t\t\t\tHerstellung einer Schrundensalbe\n\t\t\t\t<\/figcaption><\/figure><figure class='gallery-item'>\n\t\t\t<div class='gallery-icon landscape'>\n\t\t\t\t<a href='https:\/\/www.ess-rv.de\/wp-content\/uploads\/2016\/12\/heilkosmetik2_1024.jpg'><img loading=\"lazy\" decoding=\"async\" width=\"180\" height=\"180\" src=\"https:\/\/www.ess-rv.de\/wp-content\/uploads\/2016\/12\/heilkosmetik2_1024-180x180.jpg\" class=\"attachment-thumbnail size-thumbnail\" alt=\"\" aria-describedby=\"gallery-1-3916\" \/><\/a>\n\t\t\t<\/div>\n\t\t\t\t<figcaption class='wp-caption-text gallery-caption' id='gallery-1-3916'>\n\t\t\t\tKapseln \u2013 mit Milchzucker gef\u00fcllt\n\t\t\t\t<\/figcaption><\/figure><figure class='gallery-item'>\n\t\t\t<div class='gallery-icon landscape'>\n\t\t\t\t<a href='https:\/\/www.ess-rv.de\/wp-content\/uploads\/2016\/12\/heilkosmetik3_1024.jpg'><img loading=\"lazy\" decoding=\"async\" width=\"180\" height=\"180\" src=\"https:\/\/www.ess-rv.de\/wp-content\/uploads\/2016\/12\/heilkosmetik3_1024-180x180.jpg\" class=\"attachment-thumbnail size-thumbnail\" alt=\"\" aria-describedby=\"gallery-1-3914\" \/><\/a>\n\t\t\t<\/div>\n\t\t\t\t<figcaption class='wp-caption-text gallery-caption' id='gallery-1-3914'>\n\t\t\t\tHerstellung einer Handcreme\n\t\t\t\t<\/figcaption><\/figure>\n\t\t<\/div>\n\n<p>Welche heilkosmetischen Artikel werden in der Apotheke hergestellt und wie geht das? Das war die Leitfrage f\u00fcr ein schularten\u00fcbergreifendes Projekt, das an der Edith-Stein-Schule am Standort in Aulendorf stattfand. Dabei konnten Sch\u00fcler und Sch\u00fclerinnen des Gesundheitswissenschaftlichen Gymnasiums von Sch\u00fclern und Sch\u00fclerinnen der Berufsschule f\u00fcr Pharmazeutisch-kaufm\u00e4nnische Angestellte lernen<!--more-->, wie Salben, Cremes, Badesalze und Biotinkapseln in der Apotheke hergestellt werden. Au\u00dferdem wurden Magentees gemischt und gesto\u00dfen. Fachkundig und \u00fcberzeugend leiteten die Berufsspezialisten die Gymnasiastinnen und Gymnasiasten an, die auf diese Weise ganz nebenbei auch zumindest einen kleinen Einblick in anfallende T\u00e4tigkeiten in einer Apotheke erhalten konnten.<\/p>\n","protected":false},"excerpt":{"rendered":"<p>Welche heilkosmetischen Artikel werden in der Apotheke hergestellt und wie geht das? Das war die Leitfrage f\u00fcr ein schularten\u00fcbergreifendes Projekt, das an der Edith-Stein-Schule am Standort in Aulendorf stattfand. Dabei konnten Sch\u00fcler und Sch\u00fclerinnen des Gesundheitswissenschaftlichen Gymnasiums von Sch\u00fclern und Sch\u00fclerinnen der Berufsschule f\u00fcr Pharmazeutisch-kaufm\u00e4nnische Angestellte lernen<\/p>\n","protected":false},"author":3,"featured_media":0,"comment_status":"closed","ping_status":"closed","sticky":false,"template":"","format":"standard","meta":{"footnotes":"","_links_to":"","_links_to_target":""},"categories":[18,29,40,2,190,202,227],"tags":[407,70,148,54,52],"class_list":["post-3913","post","type-post","status-publish","format-standard","hentry","category-ausserschulische-veranstaltung","category-berufliche-gymnasien","category-berufsschule","category-bildungsangebot","category-exkursion","category-gg","category-pka","tag-2016-2017","tag-aulendorf","tag-berufliche-gymnasien","tag-berufsschule","tag-kooperation"],"_links":{"self":[{"href":"https:\/\/www.ess-rv.de\/index.php?rest_route=\/wp\/v2\/posts\/3913","targetHints":{"allow":["GET"]}}],"collection":[{"href":"https:\/\/www.ess-rv.de\/index.php?rest_route=\/wp\/v2\/posts"}],"about":[{"href":"https:\/\/www.ess-rv.de\/index.php?rest_route=\/wp\/v2\/types\/post"}],"author":[{"embeddable":true,"href":"https:\/\/www.ess-rv.de\/index.php?rest_route=\/wp\/v2\/users\/3"}],"replies":[{"embeddable":true,"href":"https:\/\/www.ess-rv.de\/index.php?rest_route=%2Fwp%2Fv2%2Fcomments&post=3913"}],"version-history":[{"count":2,"href":"https:\/\/www.ess-rv.de\/index.php?rest_route=\/wp\/v2\/posts\/3913\/revisions"}],"predecessor-version":[{"id":3918,"href":"https:\/\/www.ess-rv.de\/index.php?rest_route=\/wp\/v2\/posts\/3913\/revisions\/3918"}],"wp:attachment":[{"href":"https:\/\/www.ess-rv.de\/index.php?rest_route=%2Fwp%2Fv2%2Fmedia&parent=3913"}],"wp:term":[{"taxonomy":"category","embeddable":true,"href":"https:\/\/www.ess-rv.de\/index.php?rest_route=%2Fwp%2Fv2%2Fcategories&post=3913"},{"taxonomy":"post_tag","embeddable":true,"href":"https:\/\/www.ess-rv.de\/index.php?rest_route=%2Fwp%2Fv2%2Ftags&post=3913"}],"curies":[{"name":"wp","href":"https:\/\/api.w.org\/{rel}","templated":true}]}}