{"id":3936,"date":"2016-12-21T09:06:29","date_gmt":"2016-12-21T08:06:29","guid":{"rendered":"http:\/\/www.ess-rv.de\/?p=3936"},"modified":"2016-12-21T09:06:51","modified_gmt":"2016-12-21T08:06:51","slug":"das-gge-besucht-das-parksanatorium","status":"publish","type":"post","link":"https:\/\/www.ess-rv.de\/?p=3936","title":{"rendered":"Das GGE besucht das Parksanatorium"},"content":{"rendered":"<p><a href=\"http:\/\/www.ess-rv.de\/wp-content\/uploads\/2016\/12\/parksanatorium-aulendorf.jpg\"><img loading=\"lazy\" decoding=\"async\" src=\"http:\/\/www.ess-rv.de\/wp-content\/uploads\/2016\/12\/parksanatorium-aulendorf-300x226.jpg\" alt=\"\" width=\"300\" height=\"226\" class=\"alignleft size-medium wp-image-3938\" srcset=\"https:\/\/www.ess-rv.de\/wp-content\/uploads\/2016\/12\/parksanatorium-aulendorf-300x226.jpg 300w, https:\/\/www.ess-rv.de\/wp-content\/uploads\/2016\/12\/parksanatorium-aulendorf-768x578.jpg 768w, https:\/\/www.ess-rv.de\/wp-content\/uploads\/2016\/12\/parksanatorium-aulendorf.jpg 1024w\" sizes=\"auto, (max-width: 300px) 100vw, 300px\" \/><\/a>Am 5. Dezember 2016 besuchten wir, die neue Eingangsklasse des Gesundheitsgymnasiums Aulendorf der Edith-Stein-Schule, das Parksanatorium in Aulendorf \u2013 ein onkologisches Rehabilitationszentrum im Ort. In Begleitung unserer Fachlehrerin, Frau Ko\u04ab, die uns engagiert im Profilfach unterrichtet, machten wir uns motiviert auf den<!--more--> Weg. Zuerst bekamen wir einen informativen Vortrag von der Klinikdirektorin Frau Sinz zur Einrichtung, Onkologie und zu verschiedenen Rehabilitationsma\u00dfnahmen. Anschlie\u00dfend konnten wir dann in Kleingruppen, je nach Interesse, bei verschiedenen Berufen und ihre T\u00e4tigkeitsschwerpunkte, in den Bereichen Logop\u00e4die, Physiologie und Ern\u00e4hrungsberatung kennenlernen und bekamen so einen tollen Einblick in die verschiedenen Fachbereiche der onkologischen Rehabilitation. Abschlie\u00dfend k\u00f6nnen wir nur sagen, dass es ein sehr gelungener Ausflug und kurzweiliger Nachmittag war und wir uns auf eine derartige Wiederholung in die Praxis freuen w\u00fcrden.<\/p>\n","protected":false},"excerpt":{"rendered":"<p>Am 5. Dezember 2016 besuchten wir, die neue Eingangsklasse des Gesundheitsgymnasiums Aulendorf der Edith-Stein-Schule, das Parksanatorium in Aulendorf \u2013 ein onkologisches Rehabilitationszentrum im Ort. In Begleitung unserer Fachlehrerin, Frau Ko\u04ab, die uns engagiert im Profilfach unterrichtet, machten wir uns motiviert auf den<\/p>\n","protected":false},"author":3,"featured_media":0,"comment_status":"closed","ping_status":"closed","sticky":false,"template":"","format":"standard","meta":{"footnotes":"","_links_to":"","_links_to_target":""},"categories":[18,29,2,190,202],"tags":[407,70,148,254],"class_list":["post-3936","post","type-post","status-publish","format-standard","hentry","category-ausserschulische-veranstaltung","category-berufliche-gymnasien","category-bildungsangebot","category-exkursion","category-gg","tag-2016-2017","tag-aulendorf","tag-berufliche-gymnasien","tag-exkursion"],"_links":{"self":[{"href":"https:\/\/www.ess-rv.de\/index.php?rest_route=\/wp\/v2\/posts\/3936","targetHints":{"allow":["GET"]}}],"collection":[{"href":"https:\/\/www.ess-rv.de\/index.php?rest_route=\/wp\/v2\/posts"}],"about":[{"href":"https:\/\/www.ess-rv.de\/index.php?rest_route=\/wp\/v2\/types\/post"}],"author":[{"embeddable":true,"href":"https:\/\/www.ess-rv.de\/index.php?rest_route=\/wp\/v2\/users\/3"}],"replies":[{"embeddable":true,"href":"https:\/\/www.ess-rv.de\/index.php?rest_route=%2Fwp%2Fv2%2Fcomments&post=3936"}],"version-history":[{"count":3,"href":"https:\/\/www.ess-rv.de\/index.php?rest_route=\/wp\/v2\/posts\/3936\/revisions"}],"predecessor-version":[{"id":3940,"href":"https:\/\/www.ess-rv.de\/index.php?rest_route=\/wp\/v2\/posts\/3936\/revisions\/3940"}],"wp:attachment":[{"href":"https:\/\/www.ess-rv.de\/index.php?rest_route=%2Fwp%2Fv2%2Fmedia&parent=3936"}],"wp:term":[{"taxonomy":"category","embeddable":true,"href":"https:\/\/www.ess-rv.de\/index.php?rest_route=%2Fwp%2Fv2%2Fcategories&post=3936"},{"taxonomy":"post_tag","embeddable":true,"href":"https:\/\/www.ess-rv.de\/index.php?rest_route=%2Fwp%2Fv2%2Ftags&post=3936"}],"curies":[{"name":"wp","href":"https:\/\/api.w.org\/{rel}","templated":true}]}}