{"id":4020,"date":"2017-02-10T11:04:09","date_gmt":"2017-02-10T10:04:09","guid":{"rendered":"http:\/\/www.ess-rv.de\/?p=4020"},"modified":"2017-02-10T11:05:43","modified_gmt":"2017-02-10T10:05:43","slug":"sozial-und-gesundheitswissenschaftliches-gymnasium-an-der-edith-stein-schule-ravensburg-aulendorf","status":"publish","type":"post","link":"https:\/\/www.ess-rv.de\/?p=4020","title":{"rendered":"Sozial- und Gesundheitswissenschaftliches Gymnasium an der Edith-Stein-Schule Ravensburg &#038; Aulendorf"},"content":{"rendered":"<h2>Kompetenz in Gesundheit, Pflege und Sozialem<\/h2>\n<p>Am <a href=\"http:\/\/www.ess-rv.de\/?page_id=9\">Sozial- und Gesundheitswissenschaftlichen Gymnasium <\/a>bietet die Edith-Stein-Schule Sch\u00fclerinnen und Sch\u00fclern mit einem mittleren Bildungsabschluss (oder Versetzungszeugnis des Gymnasiums nach Klasse 10) die M\u00f6glichkeit, in drei Jahren die allgemeine Hochschulreife (Abitur) mit einer naturwissenschaftlichen und gesellschaftswissenschaftlichen Ausrichtung zu erlangen. Besonderes Plus in diesem Bildungsgang ist die enge Verzahnung der Lehre am Beruflichen Gymnasium mit der beruflichen Ausbildung in den Gesundheits- und Pflegeberufen, die ebenfalls an den beiden Standorten Ravensburg &amp; Aulendorf stattfindet. So erhalten die Sch\u00fclerinnen und Sch\u00fcler des Sozial- und Gesundheitswissenschaftlichen Gymnasiums nicht nur Einblicke in die berufliche Ausbildung und Praxis. In profilerg\u00e4nzenden F\u00e4chern erlernen die Sch\u00fclerinnen und Sch\u00fcler auch Grundlagen \u00fcber soziale Organisationen mit ihren Strukturen und F\u00fchrungsaufgaben und werden so optimal auf die berufliche und die akademische Ausbildung vorbereitet. <a href=\"http:\/\/www.ess-rv.de\/?page_id=550\">Anmeldeschluss ist der 1. M\u00e4rz 2017<\/a>.<\/p>\n","protected":false},"excerpt":{"rendered":"<p>Kompetenz in Gesundheit, Pflege und Sozialem Am Sozial- und Gesundheitswissenschaftlichen Gymnasium bietet die Edith-Stein-Schule Sch\u00fclerinnen und Sch\u00fclern mit einem mittleren Bildungsabschluss (oder Versetzungszeugnis des Gymnasiums nach Klasse 10) die M\u00f6glichkeit, in drei Jahren die allgemeine Hochschulreife (Abitur) mit einer naturwissenschaftlichen und gesellschaftswissenschaftlichen Ausrichtung zu erlangen. Besonderes Plus in diesem Bildungsgang ist die enge Verzahnung der &hellip; <a href=\"https:\/\/www.ess-rv.de\/?p=4020\" class=\"more-link\"><span class=\"screen-reader-text\">Sozial- und Gesundheitswissenschaftliches Gymnasium an der Edith-Stein-Schule Ravensburg &#038; Aulendorf<\/span> weiterlesen <span class=\"meta-nav\">&rarr;<\/span><\/a><\/p>\n","protected":false},"author":3,"featured_media":0,"comment_status":"closed","ping_status":"closed","sticky":false,"template":"","format":"standard","meta":{"footnotes":"","_links_to":"","_links_to_target":""},"categories":[29,2,202,203],"tags":[407,148],"class_list":["post-4020","post","type-post","status-publish","format-standard","hentry","category-berufliche-gymnasien","category-bildungsangebot","category-gg","category-sg","tag-2016-2017","tag-berufliche-gymnasien"],"_links":{"self":[{"href":"https:\/\/www.ess-rv.de\/index.php?rest_route=\/wp\/v2\/posts\/4020","targetHints":{"allow":["GET"]}}],"collection":[{"href":"https:\/\/www.ess-rv.de\/index.php?rest_route=\/wp\/v2\/posts"}],"about":[{"href":"https:\/\/www.ess-rv.de\/index.php?rest_route=\/wp\/v2\/types\/post"}],"author":[{"embeddable":true,"href":"https:\/\/www.ess-rv.de\/index.php?rest_route=\/wp\/v2\/users\/3"}],"replies":[{"embeddable":true,"href":"https:\/\/www.ess-rv.de\/index.php?rest_route=%2Fwp%2Fv2%2Fcomments&post=4020"}],"version-history":[{"count":3,"href":"https:\/\/www.ess-rv.de\/index.php?rest_route=\/wp\/v2\/posts\/4020\/revisions"}],"predecessor-version":[{"id":4023,"href":"https:\/\/www.ess-rv.de\/index.php?rest_route=\/wp\/v2\/posts\/4020\/revisions\/4023"}],"wp:attachment":[{"href":"https:\/\/www.ess-rv.de\/index.php?rest_route=%2Fwp%2Fv2%2Fmedia&parent=4020"}],"wp:term":[{"taxonomy":"category","embeddable":true,"href":"https:\/\/www.ess-rv.de\/index.php?rest_route=%2Fwp%2Fv2%2Fcategories&post=4020"},{"taxonomy":"post_tag","embeddable":true,"href":"https:\/\/www.ess-rv.de\/index.php?rest_route=%2Fwp%2Fv2%2Ftags&post=4020"}],"curies":[{"name":"wp","href":"https:\/\/api.w.org\/{rel}","templated":true}]}}