{"id":4200,"date":"2017-06-12T07:16:18","date_gmt":"2017-06-12T06:16:18","guid":{"rendered":"http:\/\/www.ess-rv.de\/?p=4200"},"modified":"2017-05-09T15:16:45","modified_gmt":"2017-05-09T14:16:45","slug":"das-fach-physik-praesentiert-das-projekt-stossdaempfer","status":"publish","type":"post","link":"https:\/\/www.ess-rv.de\/?p=4200","title":{"rendered":"Das Fach Physik pr\u00e4sentiert das &#8222;Projekt Sto\u00dfd\u00e4mpfer&#8220;"},"content":{"rendered":"<p><a href=\"http:\/\/www.ess-rv.de\/wp-content\/uploads\/2017\/05\/projekt_stossdaempfer_bildhpage_1024.jpg\"><img loading=\"lazy\" decoding=\"async\" class=\"alignleft size-medium wp-image-4201\" src=\"http:\/\/www.ess-rv.de\/wp-content\/uploads\/2017\/05\/projekt_stossdaempfer_bildhpage_1024-300x225.jpg\" alt=\"\" width=\"300\" height=\"225\" srcset=\"https:\/\/www.ess-rv.de\/wp-content\/uploads\/2017\/05\/projekt_stossdaempfer_bildhpage_1024-300x225.jpg 300w, https:\/\/www.ess-rv.de\/wp-content\/uploads\/2017\/05\/projekt_stossdaempfer_bildhpage_1024-768x576.jpg 768w, https:\/\/www.ess-rv.de\/wp-content\/uploads\/2017\/05\/projekt_stossdaempfer_bildhpage_1024.jpg 1024w\" sizes=\"auto, (max-width: 300px) 100vw, 300px\" \/><\/a>Wir, die Klassen BTGE und AGE, bearbeiteten dieses Jahr mit unserem Fachlehrer Herr Handel im Physikunterricht das Projekt \u201eSto\u00dfd\u00e4mpfer\u201c. Hierbei erarbeiteten wir in zwei Unterrichtseinheiten verschiedene Themen. Ebenso bauten wir einen Untergrund aus Holz f\u00fcr zwei Lego-Technik Modelle und erstellten einen Flyer zu unserem Projekt.<!--more--><\/p>\n<p>Anhand dieser Modelle, einem roten Monstertruck und einem gr\u00fcnen Off-Roader soll die Federung und die unterschiedliche Radaufh\u00e4ngung beider Modelle gezeigt werden. Unser gr\u00fcner Off-Roader hat eine Einzelradaufh\u00e4ngung und unser Monstertruck besitzt eine Starre Achse. Die Sto\u00dfd\u00e4mpfer besitzen eine Schraubenfeder. Im Unterricht haben wir die Kraft f\u00fcr die elastische Verformung der Federn anhand des HOOKEschen Gesetzes errechnet (Angewandte Kraft auf die Feder und die daraus resultierende Verl\u00e4ngerung der Feder sind zueinander proportional). Unser Modell dagegen hat eine Progressive Feder (Angewandte Kraft auf die Feder und die daraus resultierende Verl\u00e4ngerung der Feder sind bei gr\u00f6\u00dferen Kr\u00e4ften nicht mehr proportional zueinander).<\/p>\n<p>Unser Projekt wird hier in der Schule im Juni ausgestellt und wir w\u00fcrden uns freuen, wenn ihr euch etwas Zeit nehmt und dort vorbeischaut.<\/p>\n","protected":false},"excerpt":{"rendered":"<p>Wir, die Klassen BTGE und AGE, bearbeiteten dieses Jahr mit unserem Fachlehrer Herr Handel im Physikunterricht das Projekt \u201eSto\u00dfd\u00e4mpfer\u201c. Hierbei erarbeiteten wir in zwei Unterrichtseinheiten verschiedene Themen. Ebenso bauten wir einen Untergrund aus Holz f\u00fcr zwei Lego-Technik Modelle und erstellten einen Flyer zu unserem Projekt.<\/p>\n","protected":false},"author":3,"featured_media":0,"comment_status":"closed","ping_status":"closed","sticky":false,"template":"","format":"standard","meta":{"footnotes":"","_links_to":"","_links_to_target":""},"categories":[199,29,2,200,198],"tags":[407,416,272,49],"class_list":["post-4200","post","type-post","status-publish","format-standard","hentry","category-ag","category-berufliche-gymnasien","category-bildungsangebot","category-btg","category-standort-ravensburg","tag-2016-2017","tag-aus-dem-unterricht","tag-physik","tag-ravensburg"],"_links":{"self":[{"href":"https:\/\/www.ess-rv.de\/index.php?rest_route=\/wp\/v2\/posts\/4200","targetHints":{"allow":["GET"]}}],"collection":[{"href":"https:\/\/www.ess-rv.de\/index.php?rest_route=\/wp\/v2\/posts"}],"about":[{"href":"https:\/\/www.ess-rv.de\/index.php?rest_route=\/wp\/v2\/types\/post"}],"author":[{"embeddable":true,"href":"https:\/\/www.ess-rv.de\/index.php?rest_route=\/wp\/v2\/users\/3"}],"replies":[{"embeddable":true,"href":"https:\/\/www.ess-rv.de\/index.php?rest_route=%2Fwp%2Fv2%2Fcomments&post=4200"}],"version-history":[{"count":2,"href":"https:\/\/www.ess-rv.de\/index.php?rest_route=\/wp\/v2\/posts\/4200\/revisions"}],"predecessor-version":[{"id":4203,"href":"https:\/\/www.ess-rv.de\/index.php?rest_route=\/wp\/v2\/posts\/4200\/revisions\/4203"}],"wp:attachment":[{"href":"https:\/\/www.ess-rv.de\/index.php?rest_route=%2Fwp%2Fv2%2Fmedia&parent=4200"}],"wp:term":[{"taxonomy":"category","embeddable":true,"href":"https:\/\/www.ess-rv.de\/index.php?rest_route=%2Fwp%2Fv2%2Fcategories&post=4200"},{"taxonomy":"post_tag","embeddable":true,"href":"https:\/\/www.ess-rv.de\/index.php?rest_route=%2Fwp%2Fv2%2Ftags&post=4200"}],"curies":[{"name":"wp","href":"https:\/\/api.w.org\/{rel}","templated":true}]}}