{"id":4292,"date":"2017-07-11T10:56:08","date_gmt":"2017-07-11T08:56:08","guid":{"rendered":"http:\/\/www.ess-rv.de\/?p=4292"},"modified":"2017-07-11T11:15:24","modified_gmt":"2017-07-11T09:15:24","slug":"von-mitschuelerin-profitieren","status":"publish","type":"post","link":"https:\/\/www.ess-rv.de\/?p=4292","title":{"rendered":"Von Mitsch\u00fclerin profitieren"},"content":{"rendered":"<h2>Angehende Gesundheitskaufleute machen Erste-Hilfe-Kurs bei der DRK Sigmaringen<\/h2>\n<p><a href=\"http:\/\/www.ess-rv.de\/wp-content\/uploads\/2017\/07\/erste-hilfe-kurs-2_1024.jpg\"><img loading=\"lazy\" decoding=\"async\" class=\"alignleft size-medium wp-image-4293\" src=\"http:\/\/www.ess-rv.de\/wp-content\/uploads\/2017\/07\/erste-hilfe-kurs-2_1024-300x225.jpg\" alt=\"\" width=\"300\" height=\"225\" srcset=\"https:\/\/www.ess-rv.de\/wp-content\/uploads\/2017\/07\/erste-hilfe-kurs-2_1024-300x225.jpg 300w, https:\/\/www.ess-rv.de\/wp-content\/uploads\/2017\/07\/erste-hilfe-kurs-2_1024-768x576.jpg 768w, https:\/\/www.ess-rv.de\/wp-content\/uploads\/2017\/07\/erste-hilfe-kurs-2_1024.jpg 1024w\" sizes=\"auto, (max-width: 300px) 100vw, 300px\" \/><\/a>Dass unsere Sch\u00fclerinnen und Sch\u00fcler nicht nur im Unterricht von Lehrkr\u00e4ften, sondern auch durch das Wissen, die Kenntnisse und F\u00e4higkeiten ihrer Mitsch\u00fclerinnen und Mitsch\u00fcler profitieren, konnten die Auszubildenden &#8222;Kaufleute im Gesundheitswesen&#8220; der Klasse W1GK1 am Montag, den 10. Juli <!--more-->beim Kreisverband Sigmaringen des Deutschen Roten Kreuzes erleben.<\/p>\n<p>Nachdem der Klassenlehrer Herr Kabitzsch am Anfang des Schuljahres erfahren hatte, dass die DRK-Auszubildende (zur Gesundheitskauffrau) Lisa Binder eine bereits ausgebildete Rettungssanit\u00e4terin und Erste-Hilfe-Kurs-Ausbilderin ist, kam die Idee auf, dass die gesamte Klasse einen Erste-Hilfe-Kurs unter der Anleitung ihrer Mitsch\u00fclerin durchf\u00fchren k\u00f6nnte. Dank der gro\u00dfz\u00fcgigen Unterst\u00fctzung durch die DRK Sigmaringen konnte dies am Ende des Schuljahres tats\u00e4chlich in die Tat umgesetzt werden. Kompetent und souver\u00e4n vermittelte Lisa die Inhalte des Kurses, und es zeigte sich, dass es sehr sinnvoll und wichtig ist, diese Kenntnisse st\u00e4ndig aufzufrischen.<\/p>\n<p>In der Mittagspause nahm sich Lisa zudem die Zeit, ihren Mitsch\u00fclerinnen einen Rettungswagen mit seinen vielf\u00e4ltigen Einsatzm\u00f6glichkeiten vorzustellen. Da sie als langj\u00e4hrige Rettungssanit\u00e4terin mit den technischen Ger\u00e4ten sehr vertraut ist, war diese Vorf\u00fchrung ebenfalls sehr interessant und praxisbezogen.<br \/>\nIm Namen der Edith-Stein-Schule Ravensburg-Aulendorf bedankt sich der Klassenlehrer Christopher Kabitzsch bei der DRK Sigmaringen und vor allem bei der Referentin Lisa Binder f\u00fcr diese tolle Veranstaltung. Denn dieser &#8222;Unterrichtstag bei der DRK&#8220; war f\u00fcr die Sch\u00fclerinnen der W1GK1 sicherlich anstrengend, aber vor allem lehrreich und gewinnbringend. Am Ende erhielten alle Beteiligten eine Teilnahmebescheinigung f\u00fcr den Lehrgang &#8222;Erste Hilfe Ausbildung&#8220;. Vielen Dank daf\u00fcr.<\/p>\n","protected":false},"excerpt":{"rendered":"<p>Angehende Gesundheitskaufleute machen Erste-Hilfe-Kurs bei der DRK Sigmaringen Dass unsere Sch\u00fclerinnen und Sch\u00fcler nicht nur im Unterricht von Lehrkr\u00e4ften, sondern auch durch das Wissen, die Kenntnisse und F\u00e4higkeiten ihrer Mitsch\u00fclerinnen und Mitsch\u00fcler profitieren, konnten die Auszubildenden &#8222;Kaufleute im Gesundheitswesen&#8220; der Klasse W1GK1 am Montag, den 10. Juli<\/p>\n","protected":false},"author":3,"featured_media":0,"comment_status":"closed","ping_status":"closed","sticky":false,"template":"","format":"standard","meta":{"footnotes":"","_links_to":"","_links_to_target":""},"categories":[18,40,2,236,47],"tags":[407,70,54,52],"class_list":["post-4292","post","type-post","status-publish","format-standard","hentry","category-ausserschulische-veranstaltung","category-berufsschule","category-bildungsangebot","category-gk","category-soziales-engagement","tag-2016-2017","tag-aulendorf","tag-berufsschule","tag-kooperation"],"_links":{"self":[{"href":"https:\/\/www.ess-rv.de\/index.php?rest_route=\/wp\/v2\/posts\/4292","targetHints":{"allow":["GET"]}}],"collection":[{"href":"https:\/\/www.ess-rv.de\/index.php?rest_route=\/wp\/v2\/posts"}],"about":[{"href":"https:\/\/www.ess-rv.de\/index.php?rest_route=\/wp\/v2\/types\/post"}],"author":[{"embeddable":true,"href":"https:\/\/www.ess-rv.de\/index.php?rest_route=\/wp\/v2\/users\/3"}],"replies":[{"embeddable":true,"href":"https:\/\/www.ess-rv.de\/index.php?rest_route=%2Fwp%2Fv2%2Fcomments&post=4292"}],"version-history":[{"count":4,"href":"https:\/\/www.ess-rv.de\/index.php?rest_route=\/wp\/v2\/posts\/4292\/revisions"}],"predecessor-version":[{"id":4297,"href":"https:\/\/www.ess-rv.de\/index.php?rest_route=\/wp\/v2\/posts\/4292\/revisions\/4297"}],"wp:attachment":[{"href":"https:\/\/www.ess-rv.de\/index.php?rest_route=%2Fwp%2Fv2%2Fmedia&parent=4292"}],"wp:term":[{"taxonomy":"category","embeddable":true,"href":"https:\/\/www.ess-rv.de\/index.php?rest_route=%2Fwp%2Fv2%2Fcategories&post=4292"},{"taxonomy":"post_tag","embeddable":true,"href":"https:\/\/www.ess-rv.de\/index.php?rest_route=%2Fwp%2Fv2%2Ftags&post=4292"}],"curies":[{"name":"wp","href":"https:\/\/api.w.org\/{rel}","templated":true}]}}