{"id":4298,"date":"2017-07-13T12:06:49","date_gmt":"2017-07-13T10:06:49","guid":{"rendered":"http:\/\/www.ess-rv.de\/?p=4298"},"modified":"2017-07-12T10:43:48","modified_gmt":"2017-07-12T08:43:48","slug":"filmprojekt-der-klasse-sg-22","status":"publish","type":"post","link":"https:\/\/www.ess-rv.de\/?p=4298","title":{"rendered":"Filmprojekt der Klasse SG 2\/2"},"content":{"rendered":"<p>Als Abschlussprojekt f\u00fcr den Deutschunterricht bei Frau Dauber haben wir uns f\u00fcr das Drehen von drei Kurzfilmen entschieden. Um uns noch besser auf die anstehende Pr\u00fcfung vorzubereiten, w\u00e4hlten wir die drei Pr\u00fcfungslekt\u00fcren \u201aAgnes\u2018 von Peter Stamm, \u201aHomo faber\u2018 von Max Frisch und \u201aDantons Tod\u2018 von Georg B\u00fcchner als Grundlage und erweckten die Protagonisten zum Leben.<\/p>\n<p>&nbsp;<br \/>\n<iframe loading=\"lazy\" title=\"Die Wohngemeinschaft - Filmprojekt zu den Abiturthemen im Fach Deutsch 2017\" width=\"604\" height=\"340\" src=\"https:\/\/www.youtube.com\/embed\/jpjrK6KfQ5c?feature=oembed\" frameborder=\"0\" allow=\"accelerometer; autoplay; clipboard-write; encrypted-media; gyroscope; picture-in-picture; web-share\" referrerpolicy=\"strict-origin-when-cross-origin\" allowfullscreen><\/iframe><br \/>\n<!--more Mehr Kurzfilme und Beschreibungen--><\/p>\n<h2>Gruppe 1: Die Wohngemeinschaft<\/h2>\n<p>Wir entschieden uns die Protagonisten von Homo faber, Agnes &amp; Dantons Tod, die durch unterschiedliche Charakterz\u00fcge gepr\u00e4gt sind, im Jahre 2017 in einer Wohngemeinschaft aufeinander treffen zu lassen. Im Vordergrund stand dabei, die verschiedenen Einstellungen der Protagonisten darzustellen.<\/p>\n<p>&nbsp;<br \/>\n<iframe loading=\"lazy\" title=\"Dantons Tod - Filmprojekt zu den Abiturthemen im Fach Deutsch 2017\" width=\"604\" height=\"340\" src=\"https:\/\/www.youtube.com\/embed\/3TlE-ATGWLU?feature=oembed\" frameborder=\"0\" allow=\"accelerometer; autoplay; clipboard-write; encrypted-media; gyroscope; picture-in-picture; web-share\" referrerpolicy=\"strict-origin-when-cross-origin\" allowfullscreen><\/iframe><\/p>\n<h2>Gruppe 2: Dantons Tod<\/h2>\n<p>Im Rahmen des Deutschunterrichts haben wir uns mit der Pr\u00fcfungslekt\u00fcre \u201eDantons Tod\u201c auseinander gesetzt. Dabei haben wir einige aussagekr\u00e4ftige Szenen aus der Lekt\u00fcre herausgesucht, umgeschrieben und im Anschluss den Film nach selbstentworfenem Drehbuch abgedreht. Unser Ziel war es, der altbekannten Story von Georg B\u00fcchner, durch eine modernere Filmversion, neues Leben einzuhauchen. Ob uns das gelungen ist, sieht man im nachfolgenden Film.<\/p>\n<p>&nbsp;<br \/>\n<iframe loading=\"lazy\" title=\"Agnes der Film - Filmprojekt zu den Abiturthemen im Fach Deutsch 2017\" width=\"604\" height=\"340\" src=\"https:\/\/www.youtube.com\/embed\/cPDLNnTtjf8?feature=oembed\" frameborder=\"0\" allow=\"accelerometer; autoplay; clipboard-write; encrypted-media; gyroscope; picture-in-picture; web-share\" referrerpolicy=\"strict-origin-when-cross-origin\" allowfullscreen><\/iframe><\/p>\n<h2>Gruppe 3: Agnes &#8211; der Film<\/h2>\n<p>Im Rahmen des Projekts haben wir das Schulbuch \u201eAgnes\u201c verfilmt. Dazu mussten wir erst einmal schauen, welche Szenen wir verfilmen wollten. Danach haben wir in der Schule angefangen, ein Drehbuch zu schreiben. Da unser Thema \u201eParodie Agnes\u201c war, mussten wir die Szenen auch ver\u00e4ndern, um die Geschichte witzig darzustellen. Weiterf\u00fchrend haben wir an verschiedenen Orten unser Drehbuch verfilmt. Es fiel uns nicht immer leicht, aber es hat uns Spa\u00df gemacht und am Ende ist doch was Gutes dabei rausgekommen.<\/p>\n<p>Die Premiere fand im Klassenverband nach den schriftlichen Pr\u00fcfungen statt und wir sind froh, dass wir die Protagonisten und insbesondere ihre Eigenarten nun erst einmal hinter uns lassen k\u00f6nnen.<\/p>\n","protected":false},"excerpt":{"rendered":"<p>Als Abschlussprojekt f\u00fcr den Deutschunterricht bei Frau Dauber haben wir uns f\u00fcr das Drehen von drei Kurzfilmen entschieden. Um uns noch besser auf die anstehende Pr\u00fcfung vorzubereiten, w\u00e4hlten wir die drei Pr\u00fcfungslekt\u00fcren \u201aAgnes\u2018 von Peter Stamm, \u201aHomo faber\u2018 von Max Frisch und \u201aDantons Tod\u2018 von Georg B\u00fcchner als Grundlage und erweckten die Protagonisten zum Leben. &hellip; <a href=\"https:\/\/www.ess-rv.de\/?p=4298\" class=\"more-link\"><span class=\"screen-reader-text\">Filmprojekt der Klasse SG 2\/2<\/span> weiterlesen <span class=\"meta-nav\">&rarr;<\/span><\/a><\/p>\n","protected":false},"author":3,"featured_media":0,"comment_status":"closed","ping_status":"closed","sticky":false,"template":"","format":"standard","meta":{"footnotes":"","_links_to":"","_links_to_target":""},"categories":[29,2,203,197],"tags":[407,153,70,416,148,413],"class_list":["post-4298","post","type-post","status-publish","format-standard","hentry","category-berufliche-gymnasien","category-bildungsangebot","category-sg","category-standort-aulendorf","tag-2016-2017","tag-abitur","tag-aulendorf","tag-aus-dem-unterricht","tag-berufliche-gymnasien","tag-film"],"_links":{"self":[{"href":"https:\/\/www.ess-rv.de\/index.php?rest_route=\/wp\/v2\/posts\/4298","targetHints":{"allow":["GET"]}}],"collection":[{"href":"https:\/\/www.ess-rv.de\/index.php?rest_route=\/wp\/v2\/posts"}],"about":[{"href":"https:\/\/www.ess-rv.de\/index.php?rest_route=\/wp\/v2\/types\/post"}],"author":[{"embeddable":true,"href":"https:\/\/www.ess-rv.de\/index.php?rest_route=\/wp\/v2\/users\/3"}],"replies":[{"embeddable":true,"href":"https:\/\/www.ess-rv.de\/index.php?rest_route=%2Fwp%2Fv2%2Fcomments&post=4298"}],"version-history":[{"count":8,"href":"https:\/\/www.ess-rv.de\/index.php?rest_route=\/wp\/v2\/posts\/4298\/revisions"}],"predecessor-version":[{"id":4310,"href":"https:\/\/www.ess-rv.de\/index.php?rest_route=\/wp\/v2\/posts\/4298\/revisions\/4310"}],"wp:attachment":[{"href":"https:\/\/www.ess-rv.de\/index.php?rest_route=%2Fwp%2Fv2%2Fmedia&parent=4298"}],"wp:term":[{"taxonomy":"category","embeddable":true,"href":"https:\/\/www.ess-rv.de\/index.php?rest_route=%2Fwp%2Fv2%2Fcategories&post=4298"},{"taxonomy":"post_tag","embeddable":true,"href":"https:\/\/www.ess-rv.de\/index.php?rest_route=%2Fwp%2Fv2%2Ftags&post=4298"}],"curies":[{"name":"wp","href":"https:\/\/api.w.org\/{rel}","templated":true}]}}