{"id":4314,"date":"2017-07-24T06:00:47","date_gmt":"2017-07-24T04:00:47","guid":{"rendered":"http:\/\/www.ess-rv.de\/?p=4314"},"modified":"2017-07-27T09:37:36","modified_gmt":"2017-07-27T07:37:36","slug":"unesco-sommercamp-2017","status":"publish","type":"post","link":"https:\/\/www.ess-rv.de\/?p=4314","title":{"rendered":"UNESCO Sommercamp 2017"},"content":{"rendered":"<p><a href=\"http:\/\/www.ess-rv.de\/wp-content\/uploads\/2017\/07\/sommercamp__0002_1024.jpg\"><img loading=\"lazy\" decoding=\"async\" src=\"http:\/\/www.ess-rv.de\/wp-content\/uploads\/2017\/07\/sommercamp__0002_1024-300x200.jpg\" alt=\"\" width=\"300\" height=\"200\" class=\"alignleft size-medium wp-image-4315\" srcset=\"https:\/\/www.ess-rv.de\/wp-content\/uploads\/2017\/07\/sommercamp__0002_1024-300x200.jpg 300w, https:\/\/www.ess-rv.de\/wp-content\/uploads\/2017\/07\/sommercamp__0002_1024-768x512.jpg 768w, https:\/\/www.ess-rv.de\/wp-content\/uploads\/2017\/07\/sommercamp__0002_1024.jpg 1024w\" sizes=\"auto, (max-width: 300px) 100vw, 300px\" \/><\/a>Aus acht verschiedenen UNESCO-Projektschulen Baden-W\u00fcrttembergs trafen sich Sch\u00fclerInnen in Neckargem\u00fcnd in der N\u00e4he von Heidelberg. Unter dem Motto &#8222;Heimatplanet Erde&#8220; hatte das Bildungswerk Neckargem\u00fcnd zu einem dreit\u00e4gigen attraktiven Programm eingeladen. Die G\u00e4ste <!--more-->konnten sich zun\u00e4chst \u00fcber Angebote und besondere Einrichtungen einer Schule f\u00fcr K\u00f6rperbehinderte informieren, \u00fcbernachteten dann auf einem Zeltplatz unmittelbar am Neckarufer und trafen sich am n\u00e4chsten Tag zu verschiedenen Workshops. Ein Grillabend bei einem Baumhaus bot Gelegenheit die Kontakte zu vertiefen und das UNESCO Netzwerk weiter auszubauen. Wir danken den Veranstaltern f\u00fcr die hervorragende Organisation und die freundschaftlichen Begegnungen.<\/p>\n","protected":false},"excerpt":{"rendered":"<p>Aus acht verschiedenen UNESCO-Projektschulen Baden-W\u00fcrttembergs trafen sich Sch\u00fclerInnen in Neckargem\u00fcnd in der N\u00e4he von Heidelberg. Unter dem Motto &#8222;Heimatplanet Erde&#8220; hatte das Bildungswerk Neckargem\u00fcnd zu einem dreit\u00e4gigen attraktiven Programm eingeladen. Die G\u00e4ste<\/p>\n","protected":false},"author":3,"featured_media":0,"comment_status":"closed","ping_status":"closed","sticky":false,"template":"","format":"standard","meta":{"footnotes":"","_links_to":"","_links_to_target":""},"categories":[18,2,47,33],"tags":[407,50,84],"class_list":["post-4314","post","type-post","status-publish","format-standard","hentry","category-ausserschulische-veranstaltung","category-bildungsangebot","category-soziales-engagement","category-veranstaltung","tag-2016-2017","tag-engagement","tag-unesco"],"_links":{"self":[{"href":"https:\/\/www.ess-rv.de\/index.php?rest_route=\/wp\/v2\/posts\/4314","targetHints":{"allow":["GET"]}}],"collection":[{"href":"https:\/\/www.ess-rv.de\/index.php?rest_route=\/wp\/v2\/posts"}],"about":[{"href":"https:\/\/www.ess-rv.de\/index.php?rest_route=\/wp\/v2\/types\/post"}],"author":[{"embeddable":true,"href":"https:\/\/www.ess-rv.de\/index.php?rest_route=\/wp\/v2\/users\/3"}],"replies":[{"embeddable":true,"href":"https:\/\/www.ess-rv.de\/index.php?rest_route=%2Fwp%2Fv2%2Fcomments&post=4314"}],"version-history":[{"count":3,"href":"https:\/\/www.ess-rv.de\/index.php?rest_route=\/wp\/v2\/posts\/4314\/revisions"}],"predecessor-version":[{"id":4411,"href":"https:\/\/www.ess-rv.de\/index.php?rest_route=\/wp\/v2\/posts\/4314\/revisions\/4411"}],"wp:attachment":[{"href":"https:\/\/www.ess-rv.de\/index.php?rest_route=%2Fwp%2Fv2%2Fmedia&parent=4314"}],"wp:term":[{"taxonomy":"category","embeddable":true,"href":"https:\/\/www.ess-rv.de\/index.php?rest_route=%2Fwp%2Fv2%2Fcategories&post=4314"},{"taxonomy":"post_tag","embeddable":true,"href":"https:\/\/www.ess-rv.de\/index.php?rest_route=%2Fwp%2Fv2%2Ftags&post=4314"}],"curies":[{"name":"wp","href":"https:\/\/api.w.org\/{rel}","templated":true}]}}