{"id":4552,"date":"2017-10-18T05:24:51","date_gmt":"2017-10-18T03:24:51","guid":{"rendered":"http:\/\/www.ess-rv.de\/?p=4552"},"modified":"2017-10-12T09:38:02","modified_gmt":"2017-10-12T07:38:02","slug":"ueber-allen-wipfeln","status":"publish","type":"post","link":"https:\/\/www.ess-rv.de\/?p=4552","title":{"rendered":"\u00dcber allen Wipfeln"},"content":{"rendered":"<p><a href=\"http:\/\/www.ess-rv.de\/wp-content\/uploads\/2017\/10\/2017-img_3282-1024.jpg\"><img loading=\"lazy\" decoding=\"async\" src=\"http:\/\/www.ess-rv.de\/wp-content\/uploads\/2017\/10\/2017-img_3282-1024-300x225.jpg\" alt=\"\" width=\"300\" height=\"225\" class=\"alignleft size-medium wp-image-4553\" srcset=\"https:\/\/www.ess-rv.de\/wp-content\/uploads\/2017\/10\/2017-img_3282-1024-300x225.jpg 300w, https:\/\/www.ess-rv.de\/wp-content\/uploads\/2017\/10\/2017-img_3282-1024-768x576.jpg 768w, https:\/\/www.ess-rv.de\/wp-content\/uploads\/2017\/10\/2017-img_3282-1024.jpg 1024w\" sizes=\"auto, (max-width: 300px) 100vw, 300px\" \/><\/a>fand der diesj\u00e4hrige Kollegiumsausflug beim Sky-Walk nahe Scheidegg an der \u00f6sterreichischen Grenze statt. Die k\u00fchn konstruierten Pylonen mit ihren Br\u00fcckenlaufwegen schwankten noch von den Ausl\u00e4ufern des letzten Sturmtiefs, als man in luftiger H\u00f6he von 30 bis 50 Metern den Ausblick in die fr\u00fchherbstlich gef\u00e4rbte Allg\u00e4uer Landschaft <!--more-->und das Voralpenland in den unterschiedlichsten Farbschattierungen genie\u00dfen konnte. Auch der Bodensee lie\u00df sich in der Ferne ausmachen, w\u00e4hrend die Hochgebirgskette nur schemenhaft im Dunst sichtbar blieb.<\/p>\n<p>Mit dem Wetter hatten wir allerdings besonderes Gl\u00fcck, denn eigentlich war schon f\u00fcr den Mittag Regen angek\u00fcndigt worden. Dieser stellte sich erst ein, als man schon kurz vor der Einkehr in einen Landgasthof stand. Dort lie\u00dfen sich die Schauer dann prima aussitzen. Eine kleine Gruppe ambitionierten Mountainbiker hatte unterdessen den Pf\u00e4nder bezwungen, dabei 500 H\u00f6henmeter bew\u00e4ltigt und ein Hagelintermezzo durchgestanden. Sie gesellte sich nun zu den Ausfl\u00fcglern und lie\u00df den Tag im kollegialen Gespr\u00e4ch ausklingen.<\/p>\n","protected":false},"excerpt":{"rendered":"<p>fand der diesj\u00e4hrige Kollegiumsausflug beim Sky-Walk nahe Scheidegg an der \u00f6sterreichischen Grenze statt. Die k\u00fchn konstruierten Pylonen mit ihren Br\u00fcckenlaufwegen schwankten noch von den Ausl\u00e4ufern des letzten Sturmtiefs, als man in luftiger H\u00f6he von 30 bis 50 Metern den Ausblick in die fr\u00fchherbstlich gef\u00e4rbte Allg\u00e4uer Landschaft<\/p>\n","protected":false},"author":3,"featured_media":0,"comment_status":"closed","ping_status":"closed","sticky":false,"template":"","format":"standard","meta":{"footnotes":"","_links_to":"","_links_to_target":""},"categories":[190],"tags":[421,347,128],"class_list":["post-4552","post","type-post","status-publish","format-standard","hentry","category-exkursion","tag-2017-2018","tag-kollegenausflug","tag-kollegium"],"_links":{"self":[{"href":"https:\/\/www.ess-rv.de\/index.php?rest_route=\/wp\/v2\/posts\/4552","targetHints":{"allow":["GET"]}}],"collection":[{"href":"https:\/\/www.ess-rv.de\/index.php?rest_route=\/wp\/v2\/posts"}],"about":[{"href":"https:\/\/www.ess-rv.de\/index.php?rest_route=\/wp\/v2\/types\/post"}],"author":[{"embeddable":true,"href":"https:\/\/www.ess-rv.de\/index.php?rest_route=\/wp\/v2\/users\/3"}],"replies":[{"embeddable":true,"href":"https:\/\/www.ess-rv.de\/index.php?rest_route=%2Fwp%2Fv2%2Fcomments&post=4552"}],"version-history":[{"count":2,"href":"https:\/\/www.ess-rv.de\/index.php?rest_route=\/wp\/v2\/posts\/4552\/revisions"}],"predecessor-version":[{"id":4555,"href":"https:\/\/www.ess-rv.de\/index.php?rest_route=\/wp\/v2\/posts\/4552\/revisions\/4555"}],"wp:attachment":[{"href":"https:\/\/www.ess-rv.de\/index.php?rest_route=%2Fwp%2Fv2%2Fmedia&parent=4552"}],"wp:term":[{"taxonomy":"category","embeddable":true,"href":"https:\/\/www.ess-rv.de\/index.php?rest_route=%2Fwp%2Fv2%2Fcategories&post=4552"},{"taxonomy":"post_tag","embeddable":true,"href":"https:\/\/www.ess-rv.de\/index.php?rest_route=%2Fwp%2Fv2%2Ftags&post=4552"}],"curies":[{"name":"wp","href":"https:\/\/api.w.org\/{rel}","templated":true}]}}