{"id":4564,"date":"2017-10-25T04:00:59","date_gmt":"2017-10-25T02:00:59","guid":{"rendered":"http:\/\/www.ess-rv.de\/?p=4564"},"modified":"2017-10-26T09:04:28","modified_gmt":"2017-10-26T07:04:28","slug":"richtungsweisende-bildungskooperation-unterzeichnet","status":"publish","type":"post","link":"https:\/\/www.ess-rv.de\/?p=4564","title":{"rendered":"\u201eRichtungsweisende Bildungskooperation\u201c unterzeichnet"},"content":{"rendered":"<h2>Kooperationsvertrag zwischen Achtalschule Baienfurt und Edith-Stein-Schule Ravensburg und Aulendorf<\/h2>\n<p><a href=\"http:\/\/www.ess-rv.de\/wp-content\/uploads\/2017\/10\/2017-bild-kooperationsunterzeichnung-1024.jpg\"><img loading=\"lazy\" decoding=\"async\" class=\"alignleft size-medium wp-image-4565\" src=\"http:\/\/www.ess-rv.de\/wp-content\/uploads\/2017\/10\/2017-bild-kooperationsunterzeichnung-1024-300x201.jpg\" alt=\"\" width=\"300\" height=\"201\" srcset=\"https:\/\/www.ess-rv.de\/wp-content\/uploads\/2017\/10\/2017-bild-kooperationsunterzeichnung-1024-300x201.jpg 300w, https:\/\/www.ess-rv.de\/wp-content\/uploads\/2017\/10\/2017-bild-kooperationsunterzeichnung-1024-768x514.jpg 768w, https:\/\/www.ess-rv.de\/wp-content\/uploads\/2017\/10\/2017-bild-kooperationsunterzeichnung-1024.jpg 1024w\" sizes=\"auto, (max-width: 300px) 100vw, 300px\" \/><\/a>Im Baienfurter Rathaus ist jetzt die Vereinbarung \u00fcber eine \u201erichtungsweisende Bildungskooperation\u201c unterzeichnet worden, schreibt die Gemeinde Baienfurt. Damit soll ein weiterer Baustein f\u00fcr eine erfolgreiche Schullaufbahn geboten werden. B\u00fcrgermeister G\u00fcnter A. Binder verwies vor Sch\u00fclern, Eltern <!--more-->und Gemeinder\u00e4ten auf die derzeitigen baulichen Ma\u00dfnahmen an der Achtalschule \u2013 Gemeinschaftsschule im n\u00f6rdlichen Schussental \u2013 mit einem Kostenvolumen von rund 13 Millionen. Baienfurt wolle der Jugend neue Bildungschancen bis zur Fachhochschulreife und zum Abitur er\u00f6ffnen.<\/p>\n<p>Schulleiter Peter Greiner von der Edith-Stein-Schule betonte die individuelle F\u00f6rderung und beruflichen Perspektiven, ob die Ziele im Handwerk, kaufm\u00e4nnischen Bereich oder Abitur liegen. Seine Abteilungsleiterin Berufskolleg, die Baienfurter Gemeinder\u00e4tin Andrea Arnhold, wies auf die erweiterte Bedeutung der Achtalschule f\u00fcr die Sch\u00fcler und die Region hin. Die Kooperation beider Schulen sei mehr als eine Bildungspartnerschaft und bringe f\u00fcr das n\u00f6rdliche Schussental die angestrebte Oberstufe nach neuem p\u00e4dagogischem Konzept. Fortbildungen und Austausch der Lehrkr\u00e4fte w\u00fcrden angestrebt, um die langfristig verfolgten Bildungsziele zu erreichen.<\/p>\n<p>Das Schulamt Markdorf unterst\u00fctzte die Kooperation und war durch Schulr\u00e4tin Tania Hastings bei der Unterzeichnungsfeier vertreten.<\/p>\n<p><a href=\"http:\/\/szo.de\/_arid,10747516\">Artikel auf schwaebische.de<\/a><\/p>\n","protected":false},"excerpt":{"rendered":"<p>Kooperationsvertrag zwischen Achtalschule Baienfurt und Edith-Stein-Schule Ravensburg und Aulendorf Im Baienfurter Rathaus ist jetzt die Vereinbarung \u00fcber eine \u201erichtungsweisende Bildungskooperation\u201c unterzeichnet worden, schreibt die Gemeinde Baienfurt. Damit soll ein weiterer Baustein f\u00fcr eine erfolgreiche Schullaufbahn geboten werden. B\u00fcrgermeister G\u00fcnter A. Binder verwies vor Sch\u00fclern, Eltern<\/p>\n","protected":false},"author":3,"featured_media":0,"comment_status":"closed","ping_status":"closed","sticky":false,"template":"","format":"standard","meta":{"footnotes":"","_links_to":"","_links_to_target":""},"categories":[2,33],"tags":[421,70,52,49],"class_list":["post-4564","post","type-post","status-publish","format-standard","hentry","category-bildungsangebot","category-veranstaltung","tag-2017-2018","tag-aulendorf","tag-kooperation","tag-ravensburg"],"_links":{"self":[{"href":"https:\/\/www.ess-rv.de\/index.php?rest_route=\/wp\/v2\/posts\/4564","targetHints":{"allow":["GET"]}}],"collection":[{"href":"https:\/\/www.ess-rv.de\/index.php?rest_route=\/wp\/v2\/posts"}],"about":[{"href":"https:\/\/www.ess-rv.de\/index.php?rest_route=\/wp\/v2\/types\/post"}],"author":[{"embeddable":true,"href":"https:\/\/www.ess-rv.de\/index.php?rest_route=\/wp\/v2\/users\/3"}],"replies":[{"embeddable":true,"href":"https:\/\/www.ess-rv.de\/index.php?rest_route=%2Fwp%2Fv2%2Fcomments&post=4564"}],"version-history":[{"count":3,"href":"https:\/\/www.ess-rv.de\/index.php?rest_route=\/wp\/v2\/posts\/4564\/revisions"}],"predecessor-version":[{"id":4574,"href":"https:\/\/www.ess-rv.de\/index.php?rest_route=\/wp\/v2\/posts\/4564\/revisions\/4574"}],"wp:attachment":[{"href":"https:\/\/www.ess-rv.de\/index.php?rest_route=%2Fwp%2Fv2%2Fmedia&parent=4564"}],"wp:term":[{"taxonomy":"category","embeddable":true,"href":"https:\/\/www.ess-rv.de\/index.php?rest_route=%2Fwp%2Fv2%2Fcategories&post=4564"},{"taxonomy":"post_tag","embeddable":true,"href":"https:\/\/www.ess-rv.de\/index.php?rest_route=%2Fwp%2Fv2%2Ftags&post=4564"}],"curies":[{"name":"wp","href":"https:\/\/api.w.org\/{rel}","templated":true}]}}