{"id":4568,"date":"2017-10-29T04:50:39","date_gmt":"2017-10-29T03:50:39","guid":{"rendered":"http:\/\/www.ess-rv.de\/?p=4568"},"modified":"2017-10-26T08:58:49","modified_gmt":"2017-10-26T06:58:49","slug":"prag-besuch-in-der-goldenen-stadt","status":"publish","type":"post","link":"https:\/\/www.ess-rv.de\/?p=4568","title":{"rendered":"Prag: Besuch in der goldenen Stadt"},"content":{"rendered":"<div id='gallery-1' class='gallery galleryid-4568 gallery-columns-3 gallery-size-thumbnail'><figure class='gallery-item'>\n\t\t\t<div class='gallery-icon landscape'>\n\t\t\t\t<a href='https:\/\/www.ess-rv.de\/wp-content\/uploads\/2017\/10\/2017-p1030887-1024.jpg'><img loading=\"lazy\" decoding=\"async\" width=\"180\" height=\"180\" src=\"https:\/\/www.ess-rv.de\/wp-content\/uploads\/2017\/10\/2017-p1030887-1024-180x180.jpg\" class=\"attachment-thumbnail size-thumbnail\" alt=\"\" \/><\/a>\n\t\t\t<\/div><\/figure><figure class='gallery-item'>\n\t\t\t<div class='gallery-icon landscape'>\n\t\t\t\t<a href='https:\/\/www.ess-rv.de\/wp-content\/uploads\/2017\/10\/2017-p1030815-1024.jpg'><img loading=\"lazy\" decoding=\"async\" width=\"180\" height=\"180\" src=\"https:\/\/www.ess-rv.de\/wp-content\/uploads\/2017\/10\/2017-p1030815-1024-180x180.jpg\" class=\"attachment-thumbnail size-thumbnail\" alt=\"\" \/><\/a>\n\t\t\t<\/div><\/figure><figure class='gallery-item'>\n\t\t\t<div class='gallery-icon landscape'>\n\t\t\t\t<a href='https:\/\/www.ess-rv.de\/wp-content\/uploads\/2017\/10\/2017-p1030916-1024.jpg'><img loading=\"lazy\" decoding=\"async\" width=\"180\" height=\"180\" src=\"https:\/\/www.ess-rv.de\/wp-content\/uploads\/2017\/10\/2017-p1030916-1024-180x180.jpg\" class=\"attachment-thumbnail size-thumbnail\" alt=\"\" \/><\/a>\n\t\t\t<\/div><\/figure>\n\t\t<\/div>\n\n<p>Mit Zug und Bus reiste die Jahrgangsstufe 2 aus Aulendorf Mitte Oktober nach Prag. Und herbstlich golden pr\u00e4sentierte sich die Stadt auch w\u00e4hrend der ersten Tage unseres Aufenthalts. Vor allem kulturelle Punkte standen auf unserem Programm: eine Altstadtf\u00fchrung, der Besuch des Burggel\u00e4ndes mit einem kurzen Blick in den Wenzelsdom, die beeindruckenden Bibliothekss\u00e4le des Strahov-Klosters, eine Moldau-Schiffahrt im Nebel, die F\u00fchrung durch das Kafka-Museum und zum Abschluss <!--more-->der Besuch der Nationaloper, wo Smetanas \u201eDie verkaufte Braut\u201c gegeben wurde. (Auf dem zweiten Rang \u00fcberkam dort so manchen die H\u00f6henangst.) Im Schwarzen Theater wurde sogar eine unserer Sch\u00fclerinnen auf die B\u00fchne gebeten, um die Geheimnisse der Auff\u00fchrung zu erkunden.<br \/>\nEine kleine Gruppe besuchte auch noch ein imposantes Konzert im Smetana-Saal, ein wirklich einzigartiger Jugendstil-Konzertsaal, der gleichzeitig das Gemeindehaus der Prager ist. Daneben gab es aber auch reichlich Zeit, die Stadt auf eigene Faust zu erkunden. Auf Wiedersehen, Prag! <\/p>\n","protected":false},"excerpt":{"rendered":"<p>Mit Zug und Bus reiste die Jahrgangsstufe 2 aus Aulendorf Mitte Oktober nach Prag. Und herbstlich golden pr\u00e4sentierte sich die Stadt auch w\u00e4hrend der ersten Tage unseres Aufenthalts. Vor allem kulturelle Punkte standen auf unserem Programm: eine Altstadtf\u00fchrung, der Besuch des Burggel\u00e4ndes mit einem kurzen Blick in den Wenzelsdom, die beeindruckenden Bibliothekss\u00e4le des Strahov-Klosters, eine &hellip; <a href=\"https:\/\/www.ess-rv.de\/?p=4568\" class=\"more-link\"><span class=\"screen-reader-text\">Prag: Besuch in der goldenen Stadt<\/span> weiterlesen <span class=\"meta-nav\">&rarr;<\/span><\/a><\/p>\n","protected":false},"author":3,"featured_media":0,"comment_status":"closed","ping_status":"closed","sticky":false,"template":"","format":"standard","meta":{"footnotes":"","_links_to":"","_links_to_target":""},"categories":[18,29,2,203,197,302],"tags":[421,70,371,306,303],"class_list":["post-4568","post","type-post","status-publish","format-standard","hentry","category-ausserschulische-veranstaltung","category-berufliche-gymnasien","category-bildungsangebot","category-sg","category-standort-aulendorf","category-studienfahrt","tag-2017-2018","tag-aulendorf","tag-berufliches-gymnasium","tag-prag","tag-studienfahrt"],"_links":{"self":[{"href":"https:\/\/www.ess-rv.de\/index.php?rest_route=\/wp\/v2\/posts\/4568","targetHints":{"allow":["GET"]}}],"collection":[{"href":"https:\/\/www.ess-rv.de\/index.php?rest_route=\/wp\/v2\/posts"}],"about":[{"href":"https:\/\/www.ess-rv.de\/index.php?rest_route=\/wp\/v2\/types\/post"}],"author":[{"embeddable":true,"href":"https:\/\/www.ess-rv.de\/index.php?rest_route=\/wp\/v2\/users\/3"}],"replies":[{"embeddable":true,"href":"https:\/\/www.ess-rv.de\/index.php?rest_route=%2Fwp%2Fv2%2Fcomments&post=4568"}],"version-history":[{"count":2,"href":"https:\/\/www.ess-rv.de\/index.php?rest_route=\/wp\/v2\/posts\/4568\/revisions"}],"predecessor-version":[{"id":4573,"href":"https:\/\/www.ess-rv.de\/index.php?rest_route=\/wp\/v2\/posts\/4568\/revisions\/4573"}],"wp:attachment":[{"href":"https:\/\/www.ess-rv.de\/index.php?rest_route=%2Fwp%2Fv2%2Fmedia&parent=4568"}],"wp:term":[{"taxonomy":"category","embeddable":true,"href":"https:\/\/www.ess-rv.de\/index.php?rest_route=%2Fwp%2Fv2%2Fcategories&post=4568"},{"taxonomy":"post_tag","embeddable":true,"href":"https:\/\/www.ess-rv.de\/index.php?rest_route=%2Fwp%2Fv2%2Ftags&post=4568"}],"curies":[{"name":"wp","href":"https:\/\/api.w.org\/{rel}","templated":true}]}}