{"id":4577,"date":"2017-11-05T20:09:52","date_gmt":"2017-11-05T19:09:52","guid":{"rendered":"http:\/\/www.ess-rv.de\/?p=4577"},"modified":"2017-11-03T08:45:54","modified_gmt":"2017-11-03T07:45:54","slug":"interview-warum-wirst-du-landwirt","status":"publish","type":"post","link":"https:\/\/www.ess-rv.de\/?p=4577","title":{"rendered":"Interview: Warum wirst du Landwirt?"},"content":{"rendered":"<h2>Sch\u00fcler der LS1LW antworten<\/h2>\n<p><em><a href=\"http:\/\/www.ess-rv.de\/wp-content\/uploads\/2017\/10\/2017-christiane-ls1lw-1024.jpg\"><img loading=\"lazy\" decoding=\"async\" class=\"alignleft size-medium wp-image-4579\" src=\"http:\/\/www.ess-rv.de\/wp-content\/uploads\/2017\/10\/2017-christiane-ls1lw-1024-300x200.jpg\" alt=\"\" width=\"300\" height=\"200\" srcset=\"https:\/\/www.ess-rv.de\/wp-content\/uploads\/2017\/10\/2017-christiane-ls1lw-1024-300x200.jpg 300w, https:\/\/www.ess-rv.de\/wp-content\/uploads\/2017\/10\/2017-christiane-ls1lw-1024-768x512.jpg 768w, https:\/\/www.ess-rv.de\/wp-content\/uploads\/2017\/10\/2017-christiane-ls1lw-1024.jpg 1024w\" sizes=\"auto, (max-width: 300px) 100vw, 300px\" \/><\/a>Du hast dich f\u00fcr den Beruf Landwirt entschieden&#8230; Seit wann hast du diesen Berufswunsch?<\/em><\/p>\n<p><strong>Julius<\/strong>: Diesen Berufswunsch hatte ich seit meiner Kindheit.<\/p>\n<p><strong>Pablo<\/strong>: Nach meinem abgebrochenen Studium vor 1,5 Jahren musste ich mich neu orientieren. Also seit ca. 1 bis 2 Jahren.<!--more--><\/p>\n<p><strong>Emmanuel<\/strong>: Seit ungef\u00e4hr 3 Jahren habe ich diesen Wunsch.<\/p>\n<p><strong>Christiane<\/strong>: Seit ungef\u00e4hr 4 Jahren.<\/p>\n<p><em>Hast du schon Mal in der Landwirtschaft gearbeitet, wenn ja was genau?<\/em><\/p>\n<p><strong>Julius\/Christiane<\/strong>: Ja auf dem elterlichen Betrieb und bei Bekannten und auf Praktika.<\/p>\n<p><strong>Pablo\/Emmanuel<\/strong>: Nein.<\/p>\n<p><em>Was findest du an diesem Beruf besonders attraktiv?<\/em><\/p>\n<p><strong>Julius\/Christiane<\/strong>: Ich finde an diesem Beruf attraktiv, dass er abwechslungsreich, aber auch sehr vielseitig ist und man ist sein eigener Chef.<\/p>\n<p><strong>Pablo<\/strong>: Mir gef\u00e4llt an dem Beruf, dass man mit und f\u00fcr eine spezielle Tierart arbeitet.<\/p>\n<p><strong>Emmanuel<\/strong>: Ich finde an diesem Beruf attraktiv, dass er abwechslungsreich, aber auch sehr vielseitig ist. K\u00f6rperliche Arbeit an der frischen Luft sowie gro\u00dfe Landmaschinen haben mich auch dazu bewogen.<\/p>\n<p><em>Welche Nachteile sind damit verbunden (im Vergleich zu anderen Berufen)?<\/em><\/p>\n<p><strong>Julius<\/strong>: Lange Arbeitstage, sieben Tage die Woche und unregelm\u00e4\u00dfige Arbeitszeiten.<\/p>\n<p><strong>Pablo<\/strong>: Es gibt keine komplett freien Tage.<\/p>\n<p><strong>Christiane<\/strong>: Man hat keinen richtigen Urlaub (mir macht das jedoch nichts aus)<\/p>\n<p><strong>Emmanuel<\/strong>: Lange Arbeitszeiten und kein freies Wochenende, sowie kein geregeltes Einkommen.<\/p>\n<p><em>Wie stellst du dir deine Zukunft vor?<\/em><\/p>\n<p><strong>Julius<\/strong>: F\u00fcr meine Zukunft stelle ich mich mir vor, dass noch viel auf mich zukommt.<\/p>\n<p><strong>Pablo<\/strong>: Nach der Ausbildung eine Anstellung in einem Milchviehbetrieb zu bekommen mit ausreichendem Gehalt. Nach ein paar Jahren praktischer Erfahrung, dann eine F\u00fchrungsposition einnehmen zu k\u00f6nnen.<\/p>\n<p><strong>Christiane<\/strong>: Ich m\u00f6chte den Meister machen, ein guter Landwirt\/Hopfenbauer werden.<\/p>\n<p><strong>Emmanuel<\/strong>: Nach Abschluss der Berufsausbildung m\u00f6chte ich praktische Erfahrung sammeln, um anschlie\u00dfend den Meister zu machen um leitende Positionen in einem Unternehmen besetzen zu k\u00f6nnen.<\/p>\n","protected":false},"excerpt":{"rendered":"<p>Sch\u00fcler der LS1LW antworten Du hast dich f\u00fcr den Beruf Landwirt entschieden&#8230; Seit wann hast du diesen Berufswunsch? Julius: Diesen Berufswunsch hatte ich seit meiner Kindheit. Pablo: Nach meinem abgebrochenen Studium vor 1,5 Jahren musste ich mich neu orientieren. Also seit ca. 1 bis 2 Jahren.<\/p>\n","protected":false},"author":3,"featured_media":0,"comment_status":"closed","ping_status":"closed","sticky":false,"template":"","format":"standard","meta":{"footnotes":"","_links_to":"","_links_to_target":""},"categories":[40,2,204,198],"tags":[421,416,54,49],"class_list":["post-4577","post","type-post","status-publish","format-standard","hentry","category-berufsschule","category-bildungsangebot","category-lw","category-standort-ravensburg","tag-2017-2018","tag-aus-dem-unterricht","tag-berufsschule","tag-ravensburg"],"_links":{"self":[{"href":"https:\/\/www.ess-rv.de\/index.php?rest_route=\/wp\/v2\/posts\/4577","targetHints":{"allow":["GET"]}}],"collection":[{"href":"https:\/\/www.ess-rv.de\/index.php?rest_route=\/wp\/v2\/posts"}],"about":[{"href":"https:\/\/www.ess-rv.de\/index.php?rest_route=\/wp\/v2\/types\/post"}],"author":[{"embeddable":true,"href":"https:\/\/www.ess-rv.de\/index.php?rest_route=\/wp\/v2\/users\/3"}],"replies":[{"embeddable":true,"href":"https:\/\/www.ess-rv.de\/index.php?rest_route=%2Fwp%2Fv2%2Fcomments&post=4577"}],"version-history":[{"count":4,"href":"https:\/\/www.ess-rv.de\/index.php?rest_route=\/wp\/v2\/posts\/4577\/revisions"}],"predecessor-version":[{"id":4582,"href":"https:\/\/www.ess-rv.de\/index.php?rest_route=\/wp\/v2\/posts\/4577\/revisions\/4582"}],"wp:attachment":[{"href":"https:\/\/www.ess-rv.de\/index.php?rest_route=%2Fwp%2Fv2%2Fmedia&parent=4577"}],"wp:term":[{"taxonomy":"category","embeddable":true,"href":"https:\/\/www.ess-rv.de\/index.php?rest_route=%2Fwp%2Fv2%2Fcategories&post=4577"},{"taxonomy":"post_tag","embeddable":true,"href":"https:\/\/www.ess-rv.de\/index.php?rest_route=%2Fwp%2Fv2%2Ftags&post=4577"}],"curies":[{"name":"wp","href":"https:\/\/api.w.org\/{rel}","templated":true}]}}