{"id":4728,"date":"2017-11-08T04:00:30","date_gmt":"2017-11-08T03:00:30","guid":{"rendered":"http:\/\/www.ess-rv.de\/?p=4728"},"modified":"2017-11-03T08:46:14","modified_gmt":"2017-11-03T07:46:14","slug":"4728","status":"publish","type":"post","link":"https:\/\/www.ess-rv.de\/?p=4728","title":{"rendered":"D\u00eda de los Muertos"},"content":{"rendered":"<div id='gallery-1' class='gallery galleryid-4728 gallery-columns-3 gallery-size-thumbnail'><figure class='gallery-item'>\n\t\t\t<div class='gallery-icon portrait'>\n\t\t\t\t<a href='https:\/\/www.ess-rv.de\/wp-content\/uploads\/2017\/11\/20171111024.jpeg'><img loading=\"lazy\" decoding=\"async\" width=\"180\" height=\"180\" src=\"https:\/\/www.ess-rv.de\/wp-content\/uploads\/2017\/11\/20171111024-180x180.jpeg\" class=\"attachment-thumbnail size-thumbnail\" alt=\"\" \/><\/a>\n\t\t\t<\/div><\/figure><figure class='gallery-item'>\n\t\t\t<div class='gallery-icon landscape'>\n\t\t\t\t<a href='https:\/\/www.ess-rv.de\/wp-content\/uploads\/2017\/11\/20171121024.jpeg'><img loading=\"lazy\" decoding=\"async\" width=\"180\" height=\"180\" src=\"https:\/\/www.ess-rv.de\/wp-content\/uploads\/2017\/11\/20171121024-180x180.jpeg\" class=\"attachment-thumbnail size-thumbnail\" alt=\"\" \/><\/a>\n\t\t\t<\/div><\/figure><figure class='gallery-item'>\n\t\t\t<div class='gallery-icon landscape'>\n\t\t\t\t<a href='https:\/\/www.ess-rv.de\/wp-content\/uploads\/2017\/11\/20171131024.jpeg'><img loading=\"lazy\" decoding=\"async\" width=\"180\" height=\"180\" src=\"https:\/\/www.ess-rv.de\/wp-content\/uploads\/2017\/11\/20171131024-180x180.jpeg\" class=\"attachment-thumbnail size-thumbnail\" alt=\"\" \/><\/a>\n\t\t\t<\/div><\/figure><figure class='gallery-item'>\n\t\t\t<div class='gallery-icon landscape'>\n\t\t\t\t<a href='https:\/\/www.ess-rv.de\/wp-content\/uploads\/2017\/11\/20171141024.jpeg'><img loading=\"lazy\" decoding=\"async\" width=\"180\" height=\"180\" src=\"https:\/\/www.ess-rv.de\/wp-content\/uploads\/2017\/11\/20171141024-180x180.jpeg\" class=\"attachment-thumbnail size-thumbnail\" alt=\"\" \/><\/a>\n\t\t\t<\/div><\/figure><figure class='gallery-item'>\n\t\t\t<div class='gallery-icon landscape'>\n\t\t\t\t<a href='https:\/\/www.ess-rv.de\/wp-content\/uploads\/2017\/11\/20171151024.jpeg'><img loading=\"lazy\" decoding=\"async\" width=\"180\" height=\"180\" src=\"https:\/\/www.ess-rv.de\/wp-content\/uploads\/2017\/11\/20171151024-180x180.jpeg\" class=\"attachment-thumbnail size-thumbnail\" alt=\"\" \/><\/a>\n\t\t\t<\/div><\/figure><figure class='gallery-item'>\n\t\t\t<div class='gallery-icon landscape'>\n\t\t\t\t<a href='https:\/\/www.ess-rv.de\/wp-content\/uploads\/2017\/11\/20171161024.jpeg'><img loading=\"lazy\" decoding=\"async\" width=\"180\" height=\"180\" src=\"https:\/\/www.ess-rv.de\/wp-content\/uploads\/2017\/11\/20171161024-180x180.jpeg\" class=\"attachment-thumbnail size-thumbnail\" alt=\"\" \/><\/a>\n\t\t\t<\/div><\/figure>\n\t\t<\/div>\n\n<p>Die Sch\u00fcler des GG1 haben eine Ausstellung mit sch\u00f6nen, informativen Plakaten in Aulendorf zum mexikanischen \u201eD\u00eda de los Muertos\u201c gestaltet. Auch ein selbst gestalteter Altar zu Ehren Edith Steins mit den ber\u00fchmten Totenk\u00f6pfen aus Zucker war Teil der Ausstellung. Das mexikanische Fest zu Ehren der Toten ist bunt und fr\u00f6hlich &#8211; ganz im Gegensatz zum hiesigen Allerheiligen.<\/p>\n","protected":false},"excerpt":{"rendered":"<p>Die Sch\u00fcler des GG1 haben eine Ausstellung mit sch\u00f6nen, informativen Plakaten in Aulendorf zum mexikanischen \u201eD\u00eda de los Muertos\u201c gestaltet. Auch ein selbst gestalteter Altar zu Ehren Edith Steins mit den ber\u00fchmten Totenk\u00f6pfen aus Zucker war Teil der Ausstellung. Das mexikanische Fest zu Ehren der Toten ist bunt und fr\u00f6hlich &#8211; ganz im Gegensatz zum &hellip; <a href=\"https:\/\/www.ess-rv.de\/?p=4728\" class=\"more-link\"><span class=\"screen-reader-text\">D\u00eda de los Muertos<\/span> weiterlesen <span class=\"meta-nav\">&rarr;<\/span><\/a><\/p>\n","protected":false},"author":3,"featured_media":0,"comment_status":"closed","ping_status":"closed","sticky":false,"template":"","format":"standard","meta":{"footnotes":"","_links_to":"","_links_to_target":""},"categories":[29,2,202,197],"tags":[421,70,416,148],"class_list":["post-4728","post","type-post","status-publish","format-standard","hentry","category-berufliche-gymnasien","category-bildungsangebot","category-gg","category-standort-aulendorf","tag-2017-2018","tag-aulendorf","tag-aus-dem-unterricht","tag-berufliche-gymnasien"],"_links":{"self":[{"href":"https:\/\/www.ess-rv.de\/index.php?rest_route=\/wp\/v2\/posts\/4728","targetHints":{"allow":["GET"]}}],"collection":[{"href":"https:\/\/www.ess-rv.de\/index.php?rest_route=\/wp\/v2\/posts"}],"about":[{"href":"https:\/\/www.ess-rv.de\/index.php?rest_route=\/wp\/v2\/types\/post"}],"author":[{"embeddable":true,"href":"https:\/\/www.ess-rv.de\/index.php?rest_route=\/wp\/v2\/users\/3"}],"replies":[{"embeddable":true,"href":"https:\/\/www.ess-rv.de\/index.php?rest_route=%2Fwp%2Fv2%2Fcomments&post=4728"}],"version-history":[{"count":2,"href":"https:\/\/www.ess-rv.de\/index.php?rest_route=\/wp\/v2\/posts\/4728\/revisions"}],"predecessor-version":[{"id":4736,"href":"https:\/\/www.ess-rv.de\/index.php?rest_route=\/wp\/v2\/posts\/4728\/revisions\/4736"}],"wp:attachment":[{"href":"https:\/\/www.ess-rv.de\/index.php?rest_route=%2Fwp%2Fv2%2Fmedia&parent=4728"}],"wp:term":[{"taxonomy":"category","embeddable":true,"href":"https:\/\/www.ess-rv.de\/index.php?rest_route=%2Fwp%2Fv2%2Fcategories&post=4728"},{"taxonomy":"post_tag","embeddable":true,"href":"https:\/\/www.ess-rv.de\/index.php?rest_route=%2Fwp%2Fv2%2Ftags&post=4728"}],"curies":[{"name":"wp","href":"https:\/\/api.w.org\/{rel}","templated":true}]}}