{"id":4840,"date":"2017-12-12T20:19:38","date_gmt":"2017-12-12T19:19:38","guid":{"rendered":"http:\/\/www.ess-rv.de\/?p=4840"},"modified":"2017-12-12T20:20:03","modified_gmt":"2017-12-12T19:20:03","slug":"schueleraustausch-mit-brest-3","status":"publish","type":"post","link":"https:\/\/www.ess-rv.de\/?p=4840","title":{"rendered":"Sch\u00fcleraustausch mit Brest"},"content":{"rendered":"<h2>Belarus 14. bis 21. Oktober 2017<\/h2>\n<p><a href=\"http:\/\/www.ess-rv.de\/wp-content\/uploads\/2017\/12\/pic-2.png\"><img loading=\"lazy\" decoding=\"async\" src=\"http:\/\/www.ess-rv.de\/wp-content\/uploads\/2017\/12\/pic-2-300x225.png\" alt=\"\" width=\"300\" height=\"225\" class=\"alignleft size-medium wp-image-4842\" srcset=\"https:\/\/www.ess-rv.de\/wp-content\/uploads\/2017\/12\/pic-2-300x225.png 300w, https:\/\/www.ess-rv.de\/wp-content\/uploads\/2017\/12\/pic-2-768x576.png 768w, https:\/\/www.ess-rv.de\/wp-content\/uploads\/2017\/12\/pic-2.png 800w\" sizes=\"auto, (max-width: 300px) 100vw, 300px\" \/><\/a>Wie auch in den vorherigen Jahren fand auch dieses Jahr der einw\u00f6chige Austausch zwischen unserer Heimatstadt Ravensburg und der Partnerstadt Brest in Wei\u00dfrussland statt. Nach einer langen Fahrt mit Zug, Fernbus und Nachtzug kamen wir schlie\u00dflich in Brest an und wurden schon am Bahnhof von unseren Partnersch\u00fclern abgeholt. Nachdem jeder etwas Zeit hatte sich auszuruhen und seine Gastfamilie kennenzulernen, besichtigten wir gemeinsam die Brester Festung und besuchten <!--more-->das dortige Museum. Dieses Mal stand der Sport im Vordergrund der Begegnung: Besuch eines Fu\u00dfballspiels, Volleyballspiel mit den Brester Sch\u00fclern, Schwimmen im Wassersportpalast, Eislaufen im Eispalast, Klettern in der Leichtathletikhalle und Go-Kart-Fahren auf einer Rennbahn au\u00dferhalb der Stadt. Bei der Fahrt nach Minsk, der Hauptstadt von Belarus, konnten wir die Konditorei-Fabrik \u201eKommunarka\u201c besichtigen und leckere S\u00fc\u00dfigkeiten probieren. Nat\u00fcrlich besuchten wir unsere Partnerschule, dann ein Musikcollege, den M\u00e4rchenwald mit V\u00e4terchen Frost und sogar den B\u00fcrgermeister, bei dem ein Fernsehteam auf uns wartete. Daneben gab es aber auch noch Zeit, etwas mit den Austauschpartnern zu unternehmen und die Stadt auf eigene Faust zu erkunden. Die Woche verging wie im Flug. Am Freitag hie\u00df es wieder Abschied nehmen. Aber nicht f\u00fcr lange. Denn schon im Fr\u00fchjahr besuchen uns unsere Partnersch\u00fcler in Ravensburg.<\/p>\n","protected":false},"excerpt":{"rendered":"<p>Belarus 14. bis 21. Oktober 2017 Wie auch in den vorherigen Jahren fand auch dieses Jahr der einw\u00f6chige Austausch zwischen unserer Heimatstadt Ravensburg und der Partnerstadt Brest in Wei\u00dfrussland statt. Nach einer langen Fahrt mit Zug, Fernbus und Nachtzug kamen wir schlie\u00dflich in Brest an und wurden schon am Bahnhof von unseren Partnersch\u00fclern abgeholt. Nachdem &hellip; <a href=\"https:\/\/www.ess-rv.de\/?p=4840\" class=\"more-link\"><span class=\"screen-reader-text\">Sch\u00fcleraustausch mit Brest<\/span> weiterlesen <span class=\"meta-nav\">&rarr;<\/span><\/a><\/p>\n","protected":false},"author":3,"featured_media":0,"comment_status":"closed","ping_status":"closed","sticky":false,"template":"","format":"standard","meta":{"footnotes":"","_links_to":"","_links_to_target":""},"categories":[18,29,2,283],"tags":[421,148,284,102],"class_list":["post-4840","post","type-post","status-publish","format-standard","hentry","category-ausserschulische-veranstaltung","category-berufliche-gymnasien","category-bildungsangebot","category-sprachfahrt","tag-2017-2018","tag-berufliche-gymnasien","tag-sprachfahrt","tag-weissrussland"],"_links":{"self":[{"href":"https:\/\/www.ess-rv.de\/index.php?rest_route=\/wp\/v2\/posts\/4840","targetHints":{"allow":["GET"]}}],"collection":[{"href":"https:\/\/www.ess-rv.de\/index.php?rest_route=\/wp\/v2\/posts"}],"about":[{"href":"https:\/\/www.ess-rv.de\/index.php?rest_route=\/wp\/v2\/types\/post"}],"author":[{"embeddable":true,"href":"https:\/\/www.ess-rv.de\/index.php?rest_route=\/wp\/v2\/users\/3"}],"replies":[{"embeddable":true,"href":"https:\/\/www.ess-rv.de\/index.php?rest_route=%2Fwp%2Fv2%2Fcomments&post=4840"}],"version-history":[{"count":3,"href":"https:\/\/www.ess-rv.de\/index.php?rest_route=\/wp\/v2\/posts\/4840\/revisions"}],"predecessor-version":[{"id":4844,"href":"https:\/\/www.ess-rv.de\/index.php?rest_route=\/wp\/v2\/posts\/4840\/revisions\/4844"}],"wp:attachment":[{"href":"https:\/\/www.ess-rv.de\/index.php?rest_route=%2Fwp%2Fv2%2Fmedia&parent=4840"}],"wp:term":[{"taxonomy":"category","embeddable":true,"href":"https:\/\/www.ess-rv.de\/index.php?rest_route=%2Fwp%2Fv2%2Fcategories&post=4840"},{"taxonomy":"post_tag","embeddable":true,"href":"https:\/\/www.ess-rv.de\/index.php?rest_route=%2Fwp%2Fv2%2Ftags&post=4840"}],"curies":[{"name":"wp","href":"https:\/\/api.w.org\/{rel}","templated":true}]}}