{"id":4845,"date":"2017-12-17T04:20:26","date_gmt":"2017-12-17T03:20:26","guid":{"rendered":"http:\/\/www.ess-rv.de\/?p=4845"},"modified":"2017-12-12T20:27:03","modified_gmt":"2017-12-12T19:27:03","slug":"go-east-schuelerinnen-der-edith-stein-schule-zu-gast-in-niepolomice","status":"publish","type":"post","link":"https:\/\/www.ess-rv.de\/?p=4845","title":{"rendered":"Go East \u2013 Sch\u00fclerinnen der Edith-Stein-Schule zu Gast in Niepolomice"},"content":{"rendered":"<div id='gallery-1' class='gallery galleryid-4845 gallery-columns-3 gallery-size-thumbnail'><figure class='gallery-item'>\n\t\t\t<div class='gallery-icon landscape'>\n\t\t\t\t<a href='https:\/\/www.ess-rv.de\/wp-content\/uploads\/2017\/12\/IMG_0018.jpg'><img loading=\"lazy\" decoding=\"async\" width=\"180\" height=\"180\" src=\"https:\/\/www.ess-rv.de\/wp-content\/uploads\/2017\/12\/IMG_0018-180x180.jpg\" class=\"attachment-thumbnail size-thumbnail\" alt=\"\" \/><\/a>\n\t\t\t<\/div><\/figure><figure class='gallery-item'>\n\t\t\t<div class='gallery-icon landscape'>\n\t\t\t\t<a href='https:\/\/www.ess-rv.de\/wp-content\/uploads\/2017\/12\/UNADJUSTEDNONRAW_thumb_4619.jpg'><img loading=\"lazy\" decoding=\"async\" width=\"180\" height=\"180\" src=\"https:\/\/www.ess-rv.de\/wp-content\/uploads\/2017\/12\/UNADJUSTEDNONRAW_thumb_4619-180x180.jpg\" class=\"attachment-thumbnail size-thumbnail\" alt=\"\" \/><\/a>\n\t\t\t<\/div><\/figure><figure class='gallery-item'>\n\t\t\t<div class='gallery-icon landscape'>\n\t\t\t\t<a href='https:\/\/www.ess-rv.de\/wp-content\/uploads\/2017\/12\/UNADJUSTEDNONRAW_thumb_45a7.jpg'><img loading=\"lazy\" decoding=\"async\" width=\"180\" height=\"180\" src=\"https:\/\/www.ess-rv.de\/wp-content\/uploads\/2017\/12\/UNADJUSTEDNONRAW_thumb_45a7-180x180.jpg\" class=\"attachment-thumbnail size-thumbnail\" alt=\"\" \/><\/a>\n\t\t\t<\/div><\/figure>\n\t\t<\/div>\n\n<p>Nach der ersten trinationalen Begegnung im Mai in Ravensburg hie\u00df es im Oktober f\u00fcr 10 Sch\u00fclerinnen \u201eGo East\u201c oder \u201eid\u017a na wsch\u00f3d\u201c. F\u00fcr viele der Sch\u00fclerinnen ist der Sch\u00fcleraustausch mit der Partnerschule \u201eJan Pawe\u0142 II\u201c (\u201eDer Heilige Vater Johannes-Paul II\u201c) in Niepolomice der erste Kontakt zu einem osteurop\u00e4ischen Nachbarn. Untergebracht in Gastfamilien konnte hautnah die polnische Gastfreundschaft und <!--more-->Kultur erfahren werden.<\/p>\n<p>Wie bereits der Besuch der G\u00e4ste in Deutschland, wird auch der R\u00fcckbesuch vom Deutsch-Polnischen Jugendwerk gef\u00f6rdert. <\/p>\n<p>Die beiden Lehrkr\u00e4fte vor Ort,  Justyna Ku\u017cma und Anna Kracik, organisierten f\u00fcr unsere Sch\u00fclerinnen ein abwechslungsreiches Programm, das mit einer Feier zum Namenstag des Schulpatrons (inkl. Theater und Kuchen) begann. Neben der Erkundung der St\u00e4dte Niepolomice und Krakau, einem offiziellen Besuch beim B\u00fcrgermeister, dem Besuch des Salzbergwerkes in Wieliczka und dem \u201eElternhaus-Museum des Heiligen Vaters Johannes Paul II\u201c in Wadowice, interessierten sich die Sch\u00fclerinnen besonders f\u00fcr den Besuch des Konzentrationslagers Ausschwitz.<\/p>\n<p>Ein weiteres Highlight der Begegnung bildete das gemeinsame Abschlussessen im Schloss von Niepolomice. Mit unserem Gegenbesuch in Niepolomice ist unser Premieren-Sch\u00fcleraustausch mit unserer Partnerschule abgeschlossen. Wir alle freuen uns jedoch darauf, die Kontakte im kommenden Jahr weiter auszubauen und noch mehr voneinander zu erfahren &#8211; do zobaczenia wkr\u00f3tce.<\/p>\n","protected":false},"excerpt":{"rendered":"<p>Nach der ersten trinationalen Begegnung im Mai in Ravensburg hie\u00df es im Oktober f\u00fcr 10 Sch\u00fclerinnen \u201eGo East\u201c oder \u201eid\u017a na wsch\u00f3d\u201c. F\u00fcr viele der Sch\u00fclerinnen ist der Sch\u00fcleraustausch mit der Partnerschule \u201eJan Pawe\u0142 II\u201c (\u201eDer Heilige Vater Johannes-Paul II\u201c) in Niepolomice der erste Kontakt zu einem osteurop\u00e4ischen Nachbarn. Untergebracht in Gastfamilien konnte hautnah die &hellip; <a href=\"https:\/\/www.ess-rv.de\/?p=4845\" class=\"more-link\"><span class=\"screen-reader-text\">Go East \u2013 Sch\u00fclerinnen der Edith-Stein-Schule zu Gast in Niepolomice<\/span> weiterlesen <span class=\"meta-nav\">&rarr;<\/span><\/a><\/p>\n","protected":false},"author":3,"featured_media":0,"comment_status":"closed","ping_status":"closed","sticky":false,"template":"","format":"standard","meta":{"footnotes":"","_links_to":"","_links_to_target":""},"categories":[18,96,29,2],"tags":[421,101,414],"class_list":["post-4845","post","type-post","status-publish","format-standard","hentry","category-ausserschulische-veranstaltung","category-austausch","category-berufliche-gymnasien","category-bildungsangebot","tag-2017-2018","tag-austausch","tag-polen"],"_links":{"self":[{"href":"https:\/\/www.ess-rv.de\/index.php?rest_route=\/wp\/v2\/posts\/4845","targetHints":{"allow":["GET"]}}],"collection":[{"href":"https:\/\/www.ess-rv.de\/index.php?rest_route=\/wp\/v2\/posts"}],"about":[{"href":"https:\/\/www.ess-rv.de\/index.php?rest_route=\/wp\/v2\/types\/post"}],"author":[{"embeddable":true,"href":"https:\/\/www.ess-rv.de\/index.php?rest_route=\/wp\/v2\/users\/3"}],"replies":[{"embeddable":true,"href":"https:\/\/www.ess-rv.de\/index.php?rest_route=%2Fwp%2Fv2%2Fcomments&post=4845"}],"version-history":[{"count":1,"href":"https:\/\/www.ess-rv.de\/index.php?rest_route=\/wp\/v2\/posts\/4845\/revisions"}],"predecessor-version":[{"id":4849,"href":"https:\/\/www.ess-rv.de\/index.php?rest_route=\/wp\/v2\/posts\/4845\/revisions\/4849"}],"wp:attachment":[{"href":"https:\/\/www.ess-rv.de\/index.php?rest_route=%2Fwp%2Fv2%2Fmedia&parent=4845"}],"wp:term":[{"taxonomy":"category","embeddable":true,"href":"https:\/\/www.ess-rv.de\/index.php?rest_route=%2Fwp%2Fv2%2Fcategories&post=4845"},{"taxonomy":"post_tag","embeddable":true,"href":"https:\/\/www.ess-rv.de\/index.php?rest_route=%2Fwp%2Fv2%2Ftags&post=4845"}],"curies":[{"name":"wp","href":"https:\/\/api.w.org\/{rel}","templated":true}]}}