{"id":5003,"date":"2018-03-09T08:41:12","date_gmt":"2018-03-09T07:41:12","guid":{"rendered":"http:\/\/www.ess-rv.de\/?p=5003"},"modified":"2018-03-09T08:41:12","modified_gmt":"2018-03-09T07:41:12","slug":"unesco-besuch-von-der-peter-zuern-gewerbeschule-ueberlingen","status":"publish","type":"post","link":"https:\/\/www.ess-rv.de\/?p=5003","title":{"rendered":"UNESCO Besuch von der Peter-Z\u00fcrn-Gewerbeschule \u00dcberlingen"},"content":{"rendered":"<p><a href=\"http:\/\/www.ess-rv.de\/wp-content\/uploads\/2018\/03\/20180302721024.jpg\"><img loading=\"lazy\" decoding=\"async\" src=\"http:\/\/www.ess-rv.de\/wp-content\/uploads\/2018\/03\/20180302721024-300x225.jpg\" alt=\"\" width=\"300\" height=\"225\" class=\"alignleft size-medium wp-image-5004\" srcset=\"https:\/\/www.ess-rv.de\/wp-content\/uploads\/2018\/03\/20180302721024-300x225.jpg 300w, https:\/\/www.ess-rv.de\/wp-content\/uploads\/2018\/03\/20180302721024-768x576.jpg 768w, https:\/\/www.ess-rv.de\/wp-content\/uploads\/2018\/03\/20180302721024.jpg 1024w\" sizes=\"auto, (max-width: 300px) 100vw, 300px\" \/><\/a>Zu einem gegenseitigen Kennenlernen und Austausch kamen acht Sch\u00fcler des UNESCO Teams der Peter-Z\u00fcrn-Gewerbeschule in \u00dcberlingen mit ihrem Lehrer Peter G\u00f6tt an unsere Schule. Nach einem Rundgang durch das Schulhaus, bei dem Frau Sch\u00fcrmann \u00fcber das VP3O Projekt berichtete, kamen weitere Aktivit\u00e4ten zur Sprache.<!--more--> Zun\u00e4chst wurde unser UNESCO Preis dargestellt, dann erz\u00e4hlten Julia Kr\u00e4mer und Nicole Zorin von ihrem Austausch mit Wei\u00dfrussland. Aus Aulendorf waren  mit Frau Selg Laura Berner, Franziska Huber und Simon Malasek angereist und informierten  \u00fcber das Kinderregenwaldteam, Anpflanzungen von Streuobstb\u00e4umen sowie das Fair Trade Engagement. Laskin Habo stellte dar, wie an der Edith-Stein-Schule Migranten Deutsch lernen k\u00f6nnen und auf die Integration in die Gesellschaft vorbereitet werden. Die G\u00e4ste berichteten schon von eigenen Aktivit\u00e4ten wie dem Schutz der Meere vor Plastikverschmutzung. Ein Gegenbesuch in \u00dcberlingen ist vorgesehen und soll den Austausch vertiefen. Die Berliner UNESCO Komission m\u00f6chte mit diesen Begegnungen einen neuen Impuls f\u00fcr das Netzwerk der UNESCO Schulen geben, was an diesem Nachmittag allseits begr\u00fc\u00dft wurde.<\/p>\n","protected":false},"excerpt":{"rendered":"<p>Zu einem gegenseitigen Kennenlernen und Austausch kamen acht Sch\u00fcler des UNESCO Teams der Peter-Z\u00fcrn-Gewerbeschule in \u00dcberlingen mit ihrem Lehrer Peter G\u00f6tt an unsere Schule. Nach einem Rundgang durch das Schulhaus, bei dem Frau Sch\u00fcrmann \u00fcber das VP3O Projekt berichtete, kamen weitere Aktivit\u00e4ten zur Sprache.<\/p>\n","protected":false},"author":3,"featured_media":0,"comment_status":"closed","ping_status":"closed","sticky":false,"template":"","format":"standard","meta":{"footnotes":"","_links_to":"","_links_to_target":""},"categories":[18,96,2,47,198],"tags":[50,49,84],"class_list":["post-5003","post","type-post","status-publish","format-standard","hentry","category-ausserschulische-veranstaltung","category-austausch","category-bildungsangebot","category-soziales-engagement","category-standort-ravensburg","tag-engagement","tag-ravensburg","tag-unesco"],"_links":{"self":[{"href":"https:\/\/www.ess-rv.de\/index.php?rest_route=\/wp\/v2\/posts\/5003","targetHints":{"allow":["GET"]}}],"collection":[{"href":"https:\/\/www.ess-rv.de\/index.php?rest_route=\/wp\/v2\/posts"}],"about":[{"href":"https:\/\/www.ess-rv.de\/index.php?rest_route=\/wp\/v2\/types\/post"}],"author":[{"embeddable":true,"href":"https:\/\/www.ess-rv.de\/index.php?rest_route=\/wp\/v2\/users\/3"}],"replies":[{"embeddable":true,"href":"https:\/\/www.ess-rv.de\/index.php?rest_route=%2Fwp%2Fv2%2Fcomments&post=5003"}],"version-history":[{"count":2,"href":"https:\/\/www.ess-rv.de\/index.php?rest_route=\/wp\/v2\/posts\/5003\/revisions"}],"predecessor-version":[{"id":5007,"href":"https:\/\/www.ess-rv.de\/index.php?rest_route=\/wp\/v2\/posts\/5003\/revisions\/5007"}],"wp:attachment":[{"href":"https:\/\/www.ess-rv.de\/index.php?rest_route=%2Fwp%2Fv2%2Fmedia&parent=5003"}],"wp:term":[{"taxonomy":"category","embeddable":true,"href":"https:\/\/www.ess-rv.de\/index.php?rest_route=%2Fwp%2Fv2%2Fcategories&post=5003"},{"taxonomy":"post_tag","embeddable":true,"href":"https:\/\/www.ess-rv.de\/index.php?rest_route=%2Fwp%2Fv2%2Ftags&post=5003"}],"curies":[{"name":"wp","href":"https:\/\/api.w.org\/{rel}","templated":true}]}}