{"id":5107,"date":"2018-06-08T10:57:52","date_gmt":"2018-06-08T08:57:52","guid":{"rendered":"http:\/\/www.ess-rv.de\/?p=5107"},"modified":"2018-06-11T09:26:53","modified_gmt":"2018-06-11T07:26:53","slug":"schueleraustausch-mit-weissrussland","status":"publish","type":"post","link":"https:\/\/www.ess-rv.de\/?p=5107","title":{"rendered":"Sch\u00fcleraustausch mit Wei\u00dfrussland"},"content":{"rendered":"<h2>Vielf\u00e4ltiges Programm bei sch\u00f6nstem Fr\u00fchlingswetter<\/h2>\n<p><a href=\"http:\/\/www.ess-rv.de\/wp-content\/uploads\/2018\/06\/IMG-dc435edf18539367839c644de9648622-V.jpg\"><img loading=\"lazy\" decoding=\"async\" class=\"alignleft size-medium wp-image-5109\" src=\"http:\/\/www.ess-rv.de\/wp-content\/uploads\/2018\/06\/IMG-dc435edf18539367839c644de9648622-V-300x225.jpg\" alt=\"\" width=\"300\" height=\"225\" srcset=\"https:\/\/www.ess-rv.de\/wp-content\/uploads\/2018\/06\/IMG-dc435edf18539367839c644de9648622-V-300x225.jpg 300w, https:\/\/www.ess-rv.de\/wp-content\/uploads\/2018\/06\/IMG-dc435edf18539367839c644de9648622-V-768x576.jpg 768w, https:\/\/www.ess-rv.de\/wp-content\/uploads\/2018\/06\/IMG-dc435edf18539367839c644de9648622-V-1024x768.jpg 1024w, https:\/\/www.ess-rv.de\/wp-content\/uploads\/2018\/06\/IMG-dc435edf18539367839c644de9648622-V.jpg 1280w\" sizes=\"auto, (max-width: 300px) 100vw, 300px\" \/><\/a>Vom 13. bis 21. April 2018 fand in Ravensburg wieder eine Jugendbegegnung mit Sch\u00fclern aus unserer Partnerschule in Brest in Wei\u00dfrussland statt. Sieben Sch\u00fcler aus Brest trafen hier wieder auf ihre deutschen Austauschpartner. Die deutschen Sch\u00fcler waren im Oktober letzten Jahres schon zu Besuch in Brest gewesen. Das erste Wochenende<!--more--> verbrachten die Gastsch\u00fcler in den Familien. Das weitere Programm bot reichlich Abwechslung: nach einem Empfang und einer F\u00fchrung durch die Schule stand Weingarten mit der Basilika und den Hochschulen auf dem Programm. Am Dienstag ging es nach Stuttgart zum Mercedes-Benz-Museum. Dann folgten der Bodensee mit Meersburg, dem Pfahlbaumuseum in Uhldingen und der Affenberg. Ein besonderes Erlebnis war f\u00fcr die im Flachland lebenden G\u00e4ste die Bergwanderung auf den Pf\u00e4nder. In Bregenz standen dann noch die Seeb\u00fchne und die Uferpromenade auf dem Programm. Am vorletzten Tag gab es einen offiziellen Empfang seitens der Stadt Ravensburg. Zuvor konnte noch die Altstadt und das Spielmuseum besichtigt werden. Nach einem Mittagessen im China Palace lie\u00df man dann den Austausch beim Bowling ausklingen. Die Begegnung stand unter einem sehr guten Stern. Denn nur am Montag hatte es geregnet, ansonsten war ein f\u00fcr diese Jahreszeit ungew\u00f6hnliches sch\u00f6nes und warmes Wetter. Deswegen \u00fcberraschen die durchweg positiven R\u00fcckmeldungen nicht. Alle Beteiligten sind sich darin einig, dass ein Sch\u00fcleraustausch mit seinen vielf\u00e4ltigen Erfahrungen immer etwas Besonderes darstellt. Ein besonderer Dank geht noch an den Kooperationspartner <a href=\"https:\/\/www.cjd-bodensee-oberschwaben.de\/angebote\/jugendmigrationsdienst\/\">CJD Jugendmigrationsdienst<\/a> in Ravensburg, der uns einen Kleinbus f\u00fcr die Ausfl\u00fcge zur Verf\u00fcgung gestellt hat.<\/p>\n","protected":false},"excerpt":{"rendered":"<p>Vielf\u00e4ltiges Programm bei sch\u00f6nstem Fr\u00fchlingswetter Vom 13. bis 21. April 2018 fand in Ravensburg wieder eine Jugendbegegnung mit Sch\u00fclern aus unserer Partnerschule in Brest in Wei\u00dfrussland statt. Sieben Sch\u00fcler aus Brest trafen hier wieder auf ihre deutschen Austauschpartner. Die deutschen Sch\u00fcler waren im Oktober letzten Jahres schon zu Besuch in Brest gewesen. Das erste Wochenende<\/p>\n","protected":false},"author":3,"featured_media":0,"comment_status":"closed","ping_status":"closed","sticky":false,"template":"","format":"standard","meta":{"footnotes":"","_links_to":"","_links_to_target":""},"categories":[18,96,29,2],"tags":[421,101,148,102],"class_list":["post-5107","post","type-post","status-publish","format-standard","hentry","category-ausserschulische-veranstaltung","category-austausch","category-berufliche-gymnasien","category-bildungsangebot","tag-2017-2018","tag-austausch","tag-berufliche-gymnasien","tag-weissrussland"],"_links":{"self":[{"href":"https:\/\/www.ess-rv.de\/index.php?rest_route=\/wp\/v2\/posts\/5107","targetHints":{"allow":["GET"]}}],"collection":[{"href":"https:\/\/www.ess-rv.de\/index.php?rest_route=\/wp\/v2\/posts"}],"about":[{"href":"https:\/\/www.ess-rv.de\/index.php?rest_route=\/wp\/v2\/types\/post"}],"author":[{"embeddable":true,"href":"https:\/\/www.ess-rv.de\/index.php?rest_route=\/wp\/v2\/users\/3"}],"replies":[{"embeddable":true,"href":"https:\/\/www.ess-rv.de\/index.php?rest_route=%2Fwp%2Fv2%2Fcomments&post=5107"}],"version-history":[{"count":5,"href":"https:\/\/www.ess-rv.de\/index.php?rest_route=\/wp\/v2\/posts\/5107\/revisions"}],"predecessor-version":[{"id":5113,"href":"https:\/\/www.ess-rv.de\/index.php?rest_route=\/wp\/v2\/posts\/5107\/revisions\/5113"}],"wp:attachment":[{"href":"https:\/\/www.ess-rv.de\/index.php?rest_route=%2Fwp%2Fv2%2Fmedia&parent=5107"}],"wp:term":[{"taxonomy":"category","embeddable":true,"href":"https:\/\/www.ess-rv.de\/index.php?rest_route=%2Fwp%2Fv2%2Fcategories&post=5107"},{"taxonomy":"post_tag","embeddable":true,"href":"https:\/\/www.ess-rv.de\/index.php?rest_route=%2Fwp%2Fv2%2Ftags&post=5107"}],"curies":[{"name":"wp","href":"https:\/\/api.w.org\/{rel}","templated":true}]}}