{"id":5195,"date":"2018-09-12T05:30:03","date_gmt":"2018-09-12T03:30:03","guid":{"rendered":"http:\/\/www.ess-rv.de\/?p=5195"},"modified":"2018-11-17T10:18:39","modified_gmt":"2018-11-17T09:18:39","slug":"kunstprojekt-im-bej-respect","status":"publish","type":"post","link":"https:\/\/www.ess-rv.de\/?p=5195","title":{"rendered":"Kunstprojekt im BEJ"},"content":{"rendered":"<h2 class=\"KopfTitel\">\u201eRespect\u201c<\/h2>\n<div id='gallery-1' class='gallery galleryid-5195 gallery-columns-3 gallery-size-thumbnail'><figure class='gallery-item'>\n\t\t\t<div class='gallery-icon landscape'>\n\t\t\t\t<a href='https:\/\/www.ess-rv.de\/wp-content\/uploads\/2018\/07\/Bild-3.jpg'><img loading=\"lazy\" decoding=\"async\" width=\"180\" height=\"180\" src=\"https:\/\/www.ess-rv.de\/wp-content\/uploads\/2018\/07\/Bild-3-180x180.jpg\" class=\"attachment-thumbnail size-thumbnail\" alt=\"\" \/><\/a>\n\t\t\t<\/div><\/figure><figure class='gallery-item'>\n\t\t\t<div class='gallery-icon landscape'>\n\t\t\t\t<a href='https:\/\/www.ess-rv.de\/wp-content\/uploads\/2018\/07\/Bild-1.jpg'><img loading=\"lazy\" decoding=\"async\" width=\"180\" height=\"180\" src=\"https:\/\/www.ess-rv.de\/wp-content\/uploads\/2018\/07\/Bild-1-180x180.jpg\" class=\"attachment-thumbnail size-thumbnail\" alt=\"\" \/><\/a>\n\t\t\t<\/div><\/figure><figure class='gallery-item'>\n\t\t\t<div class='gallery-icon landscape'>\n\t\t\t\t<a href='https:\/\/www.ess-rv.de\/wp-content\/uploads\/2018\/07\/Bild-4.jpg'><img loading=\"lazy\" decoding=\"async\" width=\"180\" height=\"180\" src=\"https:\/\/www.ess-rv.de\/wp-content\/uploads\/2018\/07\/Bild-4-180x180.jpg\" class=\"attachment-thumbnail size-thumbnail\" alt=\"\" \/><\/a>\n\t\t\t<\/div><\/figure>\n\t\t<\/div>\n\n<p>Die K\u00fcnstlerin Gabriele Lexen hat zusammen mit der Jugendberufshelferin Karin Kraus die Sch\u00fclerinnen und Sch\u00fcler der BEJ-Klasse zu einem gemeinsamen Kunstwerk angeleitet. Es wurden 12 Keilrahmen \u00e0 40\u00a0x\u00a050\u00a0cm zu einem gro\u00dfen Bild zusammengelegt. Die Sch\u00fclerinnen und Sch\u00fcler haben zun\u00e4chst in Gemeinschaftsarbeit dieses Bild mit den Farben gelb, orange und neonpink bemalt und bespr\u00fcht.<!--more--> Anschlie\u00dfend wurde noch ausgelost, wer welchen Buchstaben des Wortes &#8222;Respect&#8220; aufmalen darf. Daraufhin mussten sich die Beteiligten untereinander einigen, wer welche Leinwand bekommt, um sie individuell mit den bereitgestellten Farben zu bearbeiten. Zuletzt wurden dann alle Leinw\u00e4nde wieder zu einem Gesamtwerk zusammengesetzt. Genauso wie jede und jeder als Individuum dieses Schuljahr durchlaufen hat, genauso hat auch jede und jeder zum Klassengef\u00fcge beigetragen. Das spiegelt sich in dem Werk nieder. Den Sch\u00fclerinnen und Sch\u00fclern hat es viel Spa\u00df gemacht ihre Kreativit\u00e4t auszuleben und alle waren stolz gemeinsam so ein sch\u00f6nes Kunstwerk zustande gebracht zu haben. Wir sagen dazu nur: &#8222;Respekt&#8220;!<\/p>\n","protected":false},"excerpt":{"rendered":"<p>\u201eRespect\u201c Die K\u00fcnstlerin Gabriele Lexen hat zusammen mit der Jugendberufshelferin Karin Kraus die Sch\u00fclerinnen und Sch\u00fcler der BEJ-Klasse zu einem gemeinsamen Kunstwerk angeleitet. Es wurden 12 Keilrahmen \u00e0 40\u00a0x\u00a050\u00a0cm zu einem gro\u00dfen Bild zusammengelegt. Die Sch\u00fclerinnen und Sch\u00fcler haben zun\u00e4chst in Gemeinschaftsarbeit dieses Bild mit den Farben gelb, orange und neonpink bemalt und bespr\u00fcht.<\/p>\n","protected":false},"author":3,"featured_media":0,"comment_status":"closed","ping_status":"closed","sticky":false,"template":"","format":"standard","meta":{"footnotes":"","_links_to":"","_links_to_target":""},"categories":[18,281,2,106,198],"tags":[421,107,49],"class_list":["post-5195","post","type-post","status-publish","format-standard","hentry","category-ausserschulische-veranstaltung","category-bej","category-bildungsangebot","category-kunst","category-standort-ravensburg","tag-2017-2018","tag-kunst","tag-ravensburg"],"_links":{"self":[{"href":"https:\/\/www.ess-rv.de\/index.php?rest_route=\/wp\/v2\/posts\/5195","targetHints":{"allow":["GET"]}}],"collection":[{"href":"https:\/\/www.ess-rv.de\/index.php?rest_route=\/wp\/v2\/posts"}],"about":[{"href":"https:\/\/www.ess-rv.de\/index.php?rest_route=\/wp\/v2\/types\/post"}],"author":[{"embeddable":true,"href":"https:\/\/www.ess-rv.de\/index.php?rest_route=\/wp\/v2\/users\/3"}],"replies":[{"embeddable":true,"href":"https:\/\/www.ess-rv.de\/index.php?rest_route=%2Fwp%2Fv2%2Fcomments&post=5195"}],"version-history":[{"count":4,"href":"https:\/\/www.ess-rv.de\/index.php?rest_route=\/wp\/v2\/posts\/5195\/revisions"}],"predecessor-version":[{"id":5376,"href":"https:\/\/www.ess-rv.de\/index.php?rest_route=\/wp\/v2\/posts\/5195\/revisions\/5376"}],"wp:attachment":[{"href":"https:\/\/www.ess-rv.de\/index.php?rest_route=%2Fwp%2Fv2%2Fmedia&parent=5195"}],"wp:term":[{"taxonomy":"category","embeddable":true,"href":"https:\/\/www.ess-rv.de\/index.php?rest_route=%2Fwp%2Fv2%2Fcategories&post=5195"},{"taxonomy":"post_tag","embeddable":true,"href":"https:\/\/www.ess-rv.de\/index.php?rest_route=%2Fwp%2Fv2%2Ftags&post=5195"}],"curies":[{"name":"wp","href":"https:\/\/api.w.org\/{rel}","templated":true}]}}