{"id":5263,"date":"2018-10-12T06:00:02","date_gmt":"2018-10-12T04:00:02","guid":{"rendered":"http:\/\/www.ess-rv.de\/?p=5263"},"modified":"2018-11-17T10:18:06","modified_gmt":"2018-11-17T09:18:06","slug":"licht-und-schatten","status":"publish","type":"post","link":"https:\/\/www.ess-rv.de\/?p=5263","title":{"rendered":"Die Klassen des VAB im Kunstmuseum Ravensburg"},"content":{"rendered":"<h2 class=\"KopfTitel\">\n\tLicht und Schatten<br \/>\n<\/h2>\n<p>\n\t<a href=\"http:\/\/www.ess-rv.de\/wp-content\/uploads\/2018\/10\/20181061024quer.jpg\"><img loading=\"lazy\" decoding=\"async\" src=\"http:\/\/www.ess-rv.de\/wp-content\/uploads\/2018\/10\/20181061024quer-300x226.jpg\" alt=\"\" width=\"300\" height=\"226\" class=\"alignleft size-medium wp-image-5274\" srcset=\"https:\/\/www.ess-rv.de\/wp-content\/uploads\/2018\/10\/20181061024quer-300x226.jpg 300w, https:\/\/www.ess-rv.de\/wp-content\/uploads\/2018\/10\/20181061024quer.jpg 767w\" sizes=\"auto, (max-width: 300px) 100vw, 300px\" \/><\/a>Drei Klassen, die das  Vorqualifizierungsjahr Arbeit \/ Beruf besuchen, bekamen die Gelegenheit die Werke des K\u00fcnstlers Hermann Waibel im Kunstmuseum kennenzulernen. Sie konnten sehen, wie sehr Farbe, Form, Raum und Bildtr\u00e4ger selbst zum Gegenstand seiner Werke wurden. Im Mittelpunkt seiner malerischen Mitteln steht das Licht. <!--more-->Beeindruckt von den vielf\u00e4ltigen Werken, dem Spiel mit Licht und Schatten sowie optischen T\u00e4uschungen machten sich die Sch\u00fclerInnen nach der F\u00fchrung durch die Ausstellung anschlie\u00dfend im offenen Atelier des Kunstmuseums, im \u201eLabor der Fantasie\u201c unter Anleitung einer Kunstp\u00e4dagogin daran eigene Werke zu gestalten. Damit nicht genug, zur\u00fcck an der Schule wollten sie selber versuchen, nach dem Original von Hermann Waibel ihre Vorstellungen von  Farbe und Perspektive als Kunstwerk umzusetzen. Mit gro\u00dfer Begeisterung entstanden so Bilder mit Themen wie z.B. \u201eFeuer\u201c, die jetzt das Klassenzimmer schm\u00fccken und immer daran erinnern, welch ungew\u00f6hnlichen k\u00fcnstlerische F\u00e4higkeiten in ihnen stecken.\n<\/p>\n<p>\n\tLass Bilder sprechen:\n<\/p>\n<div id='gallery-1' class='gallery galleryid-5263 gallery-columns-3 gallery-size-thumbnail'><figure class='gallery-item'>\n\t\t\t<div class='gallery-icon landscape'>\n\t\t\t\t<a href='https:\/\/www.ess-rv.de\/wp-content\/uploads\/2018\/10\/20181041024.jpg'><img loading=\"lazy\" decoding=\"async\" width=\"180\" height=\"180\" src=\"https:\/\/www.ess-rv.de\/wp-content\/uploads\/2018\/10\/20181041024-180x180.jpg\" class=\"attachment-thumbnail size-thumbnail\" alt=\"\" \/><\/a>\n\t\t\t<\/div><\/figure><figure class='gallery-item'>\n\t\t\t<div class='gallery-icon landscape'>\n\t\t\t\t<a href='https:\/\/www.ess-rv.de\/wp-content\/uploads\/2018\/10\/20181031024.jpg'><img loading=\"lazy\" decoding=\"async\" width=\"180\" height=\"180\" src=\"https:\/\/www.ess-rv.de\/wp-content\/uploads\/2018\/10\/20181031024-180x180.jpg\" class=\"attachment-thumbnail size-thumbnail\" alt=\"\" \/><\/a>\n\t\t\t<\/div><\/figure><figure class='gallery-item'>\n\t\t\t<div class='gallery-icon landscape'>\n\t\t\t\t<a href='https:\/\/www.ess-rv.de\/wp-content\/uploads\/2018\/10\/20181021024.jpg'><img loading=\"lazy\" decoding=\"async\" width=\"180\" height=\"180\" src=\"https:\/\/www.ess-rv.de\/wp-content\/uploads\/2018\/10\/20181021024-180x180.jpg\" class=\"attachment-thumbnail size-thumbnail\" alt=\"\" \/><\/a>\n\t\t\t<\/div><\/figure><figure class='gallery-item'>\n\t\t\t<div class='gallery-icon landscape'>\n\t\t\t\t<a href='https:\/\/www.ess-rv.de\/wp-content\/uploads\/2018\/10\/20181071024.jpg'><img loading=\"lazy\" decoding=\"async\" width=\"180\" height=\"180\" src=\"https:\/\/www.ess-rv.de\/wp-content\/uploads\/2018\/10\/20181071024-180x180.jpg\" class=\"attachment-thumbnail size-thumbnail\" alt=\"\" \/><\/a>\n\t\t\t<\/div><\/figure><figure class='gallery-item'>\n\t\t\t<div class='gallery-icon landscape'>\n\t\t\t\t<a href='https:\/\/www.ess-rv.de\/wp-content\/uploads\/2018\/10\/20181081024.jpg'><img loading=\"lazy\" decoding=\"async\" width=\"180\" height=\"180\" src=\"https:\/\/www.ess-rv.de\/wp-content\/uploads\/2018\/10\/20181081024-180x180.jpg\" class=\"attachment-thumbnail size-thumbnail\" alt=\"\" \/><\/a>\n\t\t\t<\/div><\/figure><figure class='gallery-item'>\n\t\t\t<div class='gallery-icon portrait'>\n\t\t\t\t<a href='https:\/\/www.ess-rv.de\/wp-content\/uploads\/2018\/10\/20181061024-e1539153998849.jpg'><img loading=\"lazy\" decoding=\"async\" width=\"180\" height=\"180\" src=\"https:\/\/www.ess-rv.de\/wp-content\/uploads\/2018\/10\/20181061024-e1539153998849-180x180.jpg\" class=\"attachment-thumbnail size-thumbnail\" alt=\"\" \/><\/a>\n\t\t\t<\/div><\/figure>\n\t\t<\/div>\n\n","protected":false},"excerpt":{"rendered":"<p>Licht und Schatten Drei Klassen, die das Vorqualifizierungsjahr Arbeit \/ Beruf besuchen, bekamen die Gelegenheit die Werke des K\u00fcnstlers Hermann Waibel im Kunstmuseum kennenzulernen. Sie konnten sehen, wie sehr Farbe, Form, Raum und Bildtr\u00e4ger selbst zum Gegenstand seiner Werke wurden. Im Mittelpunkt seiner malerischen Mitteln steht das Licht.<\/p>\n","protected":false},"author":3,"featured_media":0,"comment_status":"closed","ping_status":"closed","sticky":false,"template":"","format":"standard","meta":{"footnotes":"","_links_to":"","_links_to_target":""},"categories":[18,2,106,198,32],"tags":[430,107,67,49,22],"class_list":["post-5263","post","type-post","status-publish","format-standard","hentry","category-ausserschulische-veranstaltung","category-bildungsangebot","category-kunst","category-standort-ravensburg","category-vab","tag-2018-2019","tag-kunst","tag-projekt","tag-ravensburg","tag-vab"],"_links":{"self":[{"href":"https:\/\/www.ess-rv.de\/index.php?rest_route=\/wp\/v2\/posts\/5263","targetHints":{"allow":["GET"]}}],"collection":[{"href":"https:\/\/www.ess-rv.de\/index.php?rest_route=\/wp\/v2\/posts"}],"about":[{"href":"https:\/\/www.ess-rv.de\/index.php?rest_route=\/wp\/v2\/types\/post"}],"author":[{"embeddable":true,"href":"https:\/\/www.ess-rv.de\/index.php?rest_route=\/wp\/v2\/users\/3"}],"replies":[{"embeddable":true,"href":"https:\/\/www.ess-rv.de\/index.php?rest_route=%2Fwp%2Fv2%2Fcomments&post=5263"}],"version-history":[{"count":6,"href":"https:\/\/www.ess-rv.de\/index.php?rest_route=\/wp\/v2\/posts\/5263\/revisions"}],"predecessor-version":[{"id":5371,"href":"https:\/\/www.ess-rv.de\/index.php?rest_route=\/wp\/v2\/posts\/5263\/revisions\/5371"}],"wp:attachment":[{"href":"https:\/\/www.ess-rv.de\/index.php?rest_route=%2Fwp%2Fv2%2Fmedia&parent=5263"}],"wp:term":[{"taxonomy":"category","embeddable":true,"href":"https:\/\/www.ess-rv.de\/index.php?rest_route=%2Fwp%2Fv2%2Fcategories&post=5263"},{"taxonomy":"post_tag","embeddable":true,"href":"https:\/\/www.ess-rv.de\/index.php?rest_route=%2Fwp%2Fv2%2Ftags&post=5263"}],"curies":[{"name":"wp","href":"https:\/\/api.w.org\/{rel}","templated":true}]}}