{"id":5410,"date":"2018-12-01T21:00:31","date_gmt":"2018-12-01T20:00:31","guid":{"rendered":"http:\/\/www.ess-rv.de\/?p=5410"},"modified":"2018-12-03T20:32:33","modified_gmt":"2018-12-03T19:32:33","slug":"erhoehung-der-eigenanteile-bei-der-schuelerbefoerderung","status":"publish","type":"post","link":"https:\/\/www.ess-rv.de\/?p=5410","title":{"rendered":"Erh\u00f6hung der Eigenanteile bei der Sch\u00fclerbef\u00f6rderung"},"content":{"rendered":"<h2>\n\tPreiserh\u00f6hung der Sch\u00fclermonatskarte<br \/>\n<\/h2>\n<p>Zum 1. Januar 2019 erh\u00f6hen sich die Fahrpreise des bodo-Tarifs. Davon betroffen sind auch die Eigenanteile in der Sch\u00fclerbef\u00f6rderung. Weitere Infos finden Sie auf der Internetseite des Landkreises (<a href=\"http:\/\/www.landkreis-ravensburg.de\" target=\"_blank\">www.landkreis-ravensburg.de<\/a> &bdquo;Aktuelles&ldquo;, &bdquo;Satzungen und Verordnungen&ldquo;).<\/p>\n","protected":false},"excerpt":{"rendered":"<p>Preiserh\u00f6hung der Sch\u00fclermonatskarte Zum 1. Januar 2019 erh\u00f6hen sich die Fahrpreise des bodo-Tarifs. Davon betroffen sind auch die Eigenanteile in der Sch\u00fclerbef\u00f6rderung. Weitere Infos finden Sie auf der Internetseite des Landkreises (www.landkreis-ravensburg.de &bdquo;Aktuelles&ldquo;, &bdquo;Satzungen und Verordnungen&ldquo;).<\/p>\n","protected":false},"author":3,"featured_media":0,"comment_status":"closed","ping_status":"closed","sticky":false,"template":"","format":"aside","meta":{"footnotes":"","_links_to":"","_links_to_target":""},"categories":[2],"tags":[],"class_list":["post-5410","post","type-post","status-publish","format-aside","hentry","category-bildungsangebot","post_format-post-format-aside"],"_links":{"self":[{"href":"https:\/\/www.ess-rv.de\/index.php?rest_route=\/wp\/v2\/posts\/5410","targetHints":{"allow":["GET"]}}],"collection":[{"href":"https:\/\/www.ess-rv.de\/index.php?rest_route=\/wp\/v2\/posts"}],"about":[{"href":"https:\/\/www.ess-rv.de\/index.php?rest_route=\/wp\/v2\/types\/post"}],"author":[{"embeddable":true,"href":"https:\/\/www.ess-rv.de\/index.php?rest_route=\/wp\/v2\/users\/3"}],"replies":[{"embeddable":true,"href":"https:\/\/www.ess-rv.de\/index.php?rest_route=%2Fwp%2Fv2%2Fcomments&post=5410"}],"version-history":[{"count":4,"href":"https:\/\/www.ess-rv.de\/index.php?rest_route=\/wp\/v2\/posts\/5410\/revisions"}],"predecessor-version":[{"id":5414,"href":"https:\/\/www.ess-rv.de\/index.php?rest_route=\/wp\/v2\/posts\/5410\/revisions\/5414"}],"wp:attachment":[{"href":"https:\/\/www.ess-rv.de\/index.php?rest_route=%2Fwp%2Fv2%2Fmedia&parent=5410"}],"wp:term":[{"taxonomy":"category","embeddable":true,"href":"https:\/\/www.ess-rv.de\/index.php?rest_route=%2Fwp%2Fv2%2Fcategories&post=5410"},{"taxonomy":"post_tag","embeddable":true,"href":"https:\/\/www.ess-rv.de\/index.php?rest_route=%2Fwp%2Fv2%2Ftags&post=5410"}],"curies":[{"name":"wp","href":"https:\/\/api.w.org\/{rel}","templated":true}]}}