{"id":5423,"date":"2018-12-16T05:05:01","date_gmt":"2018-12-16T04:05:01","guid":{"rendered":"http:\/\/www.ess-rv.de\/?p=5423"},"modified":"2018-12-14T08:20:21","modified_gmt":"2018-12-14T07:20:21","slug":"ravensburg-laeuft-fuer-toleranz-3","status":"publish","type":"post","link":"https:\/\/www.ess-rv.de\/?p=5423","title":{"rendered":"Ravensburg l\u00e4uft f\u00fcr Toleranz"},"content":{"rendered":"<h2 class=\"KopfTitel\">Sch\u00fclerinnen beim Lissabon-Marathon<\/h2>\n<p><a href=\"http:\/\/www.ess-rv.de\/wp-content\/uploads\/2018\/12\/demokratielebenlissabon.jpg\"><img loading=\"lazy\" decoding=\"async\" class=\"alignleft wp-image-5424 size-medium\" src=\"http:\/\/www.ess-rv.de\/wp-content\/uploads\/2018\/12\/demokratielebenlissabon-e1544771714235-300x225.jpg\" alt=\"\" width=\"300\" height=\"225\" srcset=\"https:\/\/www.ess-rv.de\/wp-content\/uploads\/2018\/12\/demokratielebenlissabon-e1544771714235-300x225.jpg 300w, https:\/\/www.ess-rv.de\/wp-content\/uploads\/2018\/12\/demokratielebenlissabon-e1544771714235-768x575.jpg 768w, https:\/\/www.ess-rv.de\/wp-content\/uploads\/2018\/12\/demokratielebenlissabon-e1544771714235-1024x767.jpg 1024w, https:\/\/www.ess-rv.de\/wp-content\/uploads\/2018\/12\/demokratielebenlissabon-e1544771714235.jpg 1036w\" sizes=\"auto, (max-width: 300px) 100vw, 300px\" \/><\/a>Am 12.Oktober 2018 reisten einige Sch\u00fclerinnen der Edith-Stein-Schule Aulendorf mit der Laufgruppe \u201eRavensburg l\u00e4uft f\u00fcr Toleranz\u201c nach Lissabon. Die Gruppe setzt sich aktiv gegen Rechtsextremismus, Gewalt und Menschenfeindlichkeit ein. Bereits seit April bereiteten sich die Sch\u00fclerinnen gemeinsam mit der Laufgruppe zusammen auf den bevorstehenden Marathon in Lissabon vor<!--more-->. In Lissabon wartete ein vielseitiges Programm auf die L\u00e4ufer und die Sch\u00fcler. Insbesondere der Marathon war ein gro\u00dfes Highlight f\u00fcr alle. Gemeinsam bestand\u00a0die M\u00f6glichkeit die portugiesische Kultur, das Leben sowie auch leckere portugiesische Spezialit\u00e4ten kennenzulernen. F\u00fcr alle Beteiligten war eine ganz neue Erfahrung, ein Land auf diese besondere Weise kennenlernen zu d\u00fcrfen, erm\u00f6glicht worden.<\/p>\n","protected":false},"excerpt":{"rendered":"<p>Sch\u00fclerinnen beim Lissabon-Marathon Am 12.Oktober 2018 reisten einige Sch\u00fclerinnen der Edith-Stein-Schule Aulendorf mit der Laufgruppe \u201eRavensburg l\u00e4uft f\u00fcr Toleranz\u201c nach Lissabon. Die Gruppe setzt sich aktiv gegen Rechtsextremismus, Gewalt und Menschenfeindlichkeit ein. Bereits seit April bereiteten sich die Sch\u00fclerinnen gemeinsam mit der Laufgruppe zusammen auf den bevorstehenden Marathon in Lissabon vor<\/p>\n","protected":false},"author":3,"featured_media":0,"comment_status":"closed","ping_status":"closed","sticky":false,"template":"","format":"standard","meta":{"footnotes":"","_links_to":"","_links_to_target":""},"categories":[18,19,197],"tags":[430,70,278,217],"class_list":["post-5423","post","type-post","status-publish","format-standard","hentry","category-ausserschulische-veranstaltung","category-sport","category-standort-aulendorf","tag-2018-2019","tag-aulendorf","tag-marathon","tag-sport"],"_links":{"self":[{"href":"https:\/\/www.ess-rv.de\/index.php?rest_route=\/wp\/v2\/posts\/5423","targetHints":{"allow":["GET"]}}],"collection":[{"href":"https:\/\/www.ess-rv.de\/index.php?rest_route=\/wp\/v2\/posts"}],"about":[{"href":"https:\/\/www.ess-rv.de\/index.php?rest_route=\/wp\/v2\/types\/post"}],"author":[{"embeddable":true,"href":"https:\/\/www.ess-rv.de\/index.php?rest_route=\/wp\/v2\/users\/3"}],"replies":[{"embeddable":true,"href":"https:\/\/www.ess-rv.de\/index.php?rest_route=%2Fwp%2Fv2%2Fcomments&post=5423"}],"version-history":[{"count":3,"href":"https:\/\/www.ess-rv.de\/index.php?rest_route=\/wp\/v2\/posts\/5423\/revisions"}],"predecessor-version":[{"id":5427,"href":"https:\/\/www.ess-rv.de\/index.php?rest_route=\/wp\/v2\/posts\/5423\/revisions\/5427"}],"wp:attachment":[{"href":"https:\/\/www.ess-rv.de\/index.php?rest_route=%2Fwp%2Fv2%2Fmedia&parent=5423"}],"wp:term":[{"taxonomy":"category","embeddable":true,"href":"https:\/\/www.ess-rv.de\/index.php?rest_route=%2Fwp%2Fv2%2Fcategories&post=5423"},{"taxonomy":"post_tag","embeddable":true,"href":"https:\/\/www.ess-rv.de\/index.php?rest_route=%2Fwp%2Fv2%2Ftags&post=5423"}],"curies":[{"name":"wp","href":"https:\/\/api.w.org\/{rel}","templated":true}]}}