{"id":5475,"date":"2019-01-22T10:19:13","date_gmt":"2019-01-22T09:19:13","guid":{"rendered":"http:\/\/www.ess-rv.de\/?p=5475"},"modified":"2019-03-12T12:12:58","modified_gmt":"2019-03-12T11:12:58","slug":"seminarkus-des-agrarwissenschaftlichen-gymnasiums","status":"publish","type":"post","link":"https:\/\/www.ess-rv.de\/?p=5475","title":{"rendered":"Seminarkurs des Agrarwissenschaftlichen Gymnasiums"},"content":{"rendered":"<h2 class=\"KopfTitel\">Lebensmittelautomaten gesucht<\/h2>\n<p><a href=\"http:\/\/www.ess-rv.de\/wp-content\/uploads\/2019\/01\/Lebensmittelautomaten.png\"><img loading=\"lazy\" decoding=\"async\" class=\"alignleft size-medium wp-image-5476\" src=\"http:\/\/www.ess-rv.de\/wp-content\/uploads\/2019\/01\/Lebensmittelautomaten-226x300.png\" alt=\"\" width=\"226\" height=\"300\" srcset=\"https:\/\/www.ess-rv.de\/wp-content\/uploads\/2019\/01\/Lebensmittelautomaten-226x300.png 226w, https:\/\/www.ess-rv.de\/wp-content\/uploads\/2019\/01\/Lebensmittelautomaten.png 541w\" sizes=\"auto, (max-width: 226px) 100vw, 226px\" \/><\/a>Wo stehen Lebensmittelautomaten im Landkreis Ravensburg? Wir, Nico Widmann und Kilian Schoch, wollen im Rahmen unserer Seminararbeit im <a href=\"http:\/\/www.ess-rv.de\/?page_id=70\">Agrarwissenschaftlichen Gymnasium<\/a> der Edith-Stein-Schule Ravensburg &amp; Aulendorf einen Einkaufsf\u00fchrer erstellen. Damit wollen wir die Direktvermarktung im Landkreis f\u00f6rdern und die Landwirte unterst\u00fctzen. Hierf\u00fcr suchen wir die Standorte der Milch- und Warenautomaten (Obst, Fleisch, Eier, etc\u2026) im Landkreis. Bitte Meldung mit Name und Anschrift an <a href=\"mailto:lebensmittelautomaten@ess-rv.de\">lebensmittelautomaten@ess-rv.de<\/a>.<\/p>\n<p>Vielen Dank f\u00fcr die freundliche Unterst\u00fctzung!<\/p>\n","protected":false},"excerpt":{"rendered":"<p>Lebensmittelautomaten gesucht Wo stehen Lebensmittelautomaten im Landkreis Ravensburg? Wir, Nico Widmann und Kilian Schoch, wollen im Rahmen unserer Seminararbeit im Agrarwissenschaftlichen Gymnasium der Edith-Stein-Schule Ravensburg &amp; Aulendorf einen Einkaufsf\u00fchrer erstellen. Damit wollen wir die Direktvermarktung im Landkreis f\u00f6rdern und die Landwirte unterst\u00fctzen. Hierf\u00fcr suchen wir die Standorte der Milch- und Warenautomaten (Obst, Fleisch, Eier, etc\u2026) &hellip; <a href=\"https:\/\/www.ess-rv.de\/?p=5475\" class=\"more-link\"><span class=\"screen-reader-text\">Seminarkurs des Agrarwissenschaftlichen Gymnasiums<\/span> weiterlesen <span class=\"meta-nav\">&rarr;<\/span><\/a><\/p>\n","protected":false},"author":3,"featured_media":0,"comment_status":"closed","ping_status":"closed","sticky":false,"template":"","format":"standard","meta":{"footnotes":"","_links_to":"","_links_to_target":""},"categories":[199,29,2,198],"tags":[430,148,50,49,195],"class_list":["post-5475","post","type-post","status-publish","format-standard","hentry","category-ag","category-berufliche-gymnasien","category-bildungsangebot","category-standort-ravensburg","tag-2018-2019","tag-berufliche-gymnasien","tag-engagement","tag-ravensburg","tag-seminarkurs"],"_links":{"self":[{"href":"https:\/\/www.ess-rv.de\/index.php?rest_route=\/wp\/v2\/posts\/5475","targetHints":{"allow":["GET"]}}],"collection":[{"href":"https:\/\/www.ess-rv.de\/index.php?rest_route=\/wp\/v2\/posts"}],"about":[{"href":"https:\/\/www.ess-rv.de\/index.php?rest_route=\/wp\/v2\/types\/post"}],"author":[{"embeddable":true,"href":"https:\/\/www.ess-rv.de\/index.php?rest_route=\/wp\/v2\/users\/3"}],"replies":[{"embeddable":true,"href":"https:\/\/www.ess-rv.de\/index.php?rest_route=%2Fwp%2Fv2%2Fcomments&post=5475"}],"version-history":[{"count":6,"href":"https:\/\/www.ess-rv.de\/index.php?rest_route=\/wp\/v2\/posts\/5475\/revisions"}],"predecessor-version":[{"id":5608,"href":"https:\/\/www.ess-rv.de\/index.php?rest_route=\/wp\/v2\/posts\/5475\/revisions\/5608"}],"wp:attachment":[{"href":"https:\/\/www.ess-rv.de\/index.php?rest_route=%2Fwp%2Fv2%2Fmedia&parent=5475"}],"wp:term":[{"taxonomy":"category","embeddable":true,"href":"https:\/\/www.ess-rv.de\/index.php?rest_route=%2Fwp%2Fv2%2Fcategories&post=5475"},{"taxonomy":"post_tag","embeddable":true,"href":"https:\/\/www.ess-rv.de\/index.php?rest_route=%2Fwp%2Fv2%2Ftags&post=5475"}],"curies":[{"name":"wp","href":"https:\/\/api.w.org\/{rel}","templated":true}]}}