{"id":5521,"date":"2019-02-18T21:19:07","date_gmt":"2019-02-18T20:19:07","guid":{"rendered":"http:\/\/www.ess-rv.de\/?p=5521"},"modified":"2019-03-12T11:56:56","modified_gmt":"2019-03-12T10:56:56","slug":"wintersporttag-2019","status":"publish","type":"post","link":"https:\/\/www.ess-rv.de\/?p=5521","title":{"rendered":"Wintersporttag 2019"},"content":{"rendered":"<h2 class=\"KopfTitel\">Die Klasse 2BFHK1\/2 in Weingarten<\/h2>\n<div id='gallery-1' class='gallery galleryid-5521 gallery-columns-3 gallery-size-thumbnail'><figure class='gallery-item'>\n\t\t\t<div class='gallery-icon landscape'>\n\t\t\t\t<a href='https:\/\/www.ess-rv.de\/wp-content\/uploads\/2019\/02\/20190221024.jpg'><img loading=\"lazy\" decoding=\"async\" width=\"180\" height=\"180\" src=\"https:\/\/www.ess-rv.de\/wp-content\/uploads\/2019\/02\/20190221024-180x180.jpg\" class=\"attachment-thumbnail size-thumbnail\" alt=\"\" \/><\/a>\n\t\t\t<\/div><\/figure><figure class='gallery-item'>\n\t\t\t<div class='gallery-icon portrait'>\n\t\t\t\t<a href='https:\/\/www.ess-rv.de\/wp-content\/uploads\/2019\/02\/20190221024_1.jpg'><img loading=\"lazy\" decoding=\"async\" width=\"180\" height=\"180\" src=\"https:\/\/www.ess-rv.de\/wp-content\/uploads\/2019\/02\/20190221024_1-180x180.jpg\" class=\"attachment-thumbnail size-thumbnail\" alt=\"\" \/><\/a>\n\t\t\t<\/div><\/figure><figure class='gallery-item'>\n\t\t\t<div class='gallery-icon landscape'>\n\t\t\t\t<a href='https:\/\/www.ess-rv.de\/wp-content\/uploads\/2019\/02\/20190231024.jpg'><img loading=\"lazy\" decoding=\"async\" width=\"180\" height=\"180\" src=\"https:\/\/www.ess-rv.de\/wp-content\/uploads\/2019\/02\/20190231024-180x180.jpg\" class=\"attachment-thumbnail size-thumbnail\" alt=\"\" \/><\/a>\n\t\t\t<\/div><\/figure>\n\t\t<\/div>\n\n<p>Einen Wintersporttag ganz besonderer Art konnten die Sch\u00fclerinnen und Sch\u00fcler der Klasse <a href=\"http:\/\/www.ess-rv.de\/?page_id=145\">2BFHK1\/2<\/a> (Kinderpflege) erleben. Zun\u00e4chst gab es k\u00f6rperliche Bewegung bei einer Wanderung von der Edith-Stein-Schule nach Weingarten mit Schneelandschaft und sch\u00f6nstem Sonnenschein. Ein Besuch der Kunstausstellung \u201eDAZWISCHEN\u201c von Elke H\u00e4usler in Weingarten schloss sich an: Hier wurden soziale Kompetenz, Beobachtungsgeist, Abstraktionsverm\u00f6gen, Kreativit\u00e4t und \u00c4sthetik gefragt und umgesetzt. Da die Arbeiten durchwegs abstrakt gehalten waren, mussten die Sch\u00fcler ihren individuellen Zugang zu den Bildern finden.<!--more--> Durch eigens dazu erstellte Frageb\u00f6gen wurden s\u00e4mtliche k\u00fcnstlerische Prozesse beleuchtet: Verbindung von Titel und Technik, Arbeitsweise und Auswahl von Materialien, Farben und Malgrund, Empfinden von Farbt\u00f6nen und Abstufungen.<\/p>\n<p>Die beiden Klassenlehrerinnen Karin Jung und Elke H\u00e4usler gaben bei der Auswertung und Besprechung Impulse: Wo und wie kannst du Bildinhalt, Farbauswahl und Alltagserfahrungen verbinden? Welche Materialien und Vorgehensweisen vermutest du beim k\u00fcnstlerischem Entstehungsprozess? Welche Hinweise gibt der Titel zum Verst\u00e4ndnis des Bildes? Was ist dein Lieblingsbild und warum?&#8230; Zum Abschluss setzten die Sch\u00fclerinnen und Sch\u00fcler in Kleingruppen voller Spa\u00df und Energie Ideen zu Lebend-Kunstwerken in einer eigenen \u201eDAZWISCHEN\u201c-Skulptur um. Hierbei entwickelten sie unglaublich eindrucksvolle Ideen, was man aus den Abschlussfotografien ersehen kann. \u201eEin toller Tag!\u201c, so das Res\u00fcmee, und das beste ist die Umsetzbarkeit dieser Anregung in der praktischen Arbeit in der Kindertageseinrichtung.<\/p>\n","protected":false},"excerpt":{"rendered":"<p>Die Klasse 2BFHK1\/2 in Weingarten Einen Wintersporttag ganz besonderer Art konnten die Sch\u00fclerinnen und Sch\u00fcler der Klasse 2BFHK1\/2 (Kinderpflege) erleben. Zun\u00e4chst gab es k\u00f6rperliche Bewegung bei einer Wanderung von der Edith-Stein-Schule nach Weingarten mit Schneelandschaft und sch\u00f6nstem Sonnenschein. Ein Besuch der Kunstausstellung \u201eDAZWISCHEN\u201c von Elke H\u00e4usler in Weingarten schloss sich an: Hier wurden soziale Kompetenz, &hellip; <a href=\"https:\/\/www.ess-rv.de\/?p=5521\" class=\"more-link\"><span class=\"screen-reader-text\">Wintersporttag 2019<\/span> weiterlesen <span class=\"meta-nav\">&rarr;<\/span><\/a><\/p>\n","protected":false},"author":3,"featured_media":0,"comment_status":"closed","ping_status":"closed","sticky":false,"template":"","format":"standard","meta":{"footnotes":"","_links_to":"","_links_to_target":""},"categories":[438,18,2,190,106,198],"tags":[430,157,254,107,49,376],"class_list":["post-5521","post","type-post","status-publish","format-standard","hentry","category-2bkfh","category-ausserschulische-veranstaltung","category-bildungsangebot","category-exkursion","category-kunst","category-standort-ravensburg","tag-2018-2019","tag-berufsfachschule","tag-exkursion","tag-kunst","tag-ravensburg","tag-wintersporttag"],"_links":{"self":[{"href":"https:\/\/www.ess-rv.de\/index.php?rest_route=\/wp\/v2\/posts\/5521","targetHints":{"allow":["GET"]}}],"collection":[{"href":"https:\/\/www.ess-rv.de\/index.php?rest_route=\/wp\/v2\/posts"}],"about":[{"href":"https:\/\/www.ess-rv.de\/index.php?rest_route=\/wp\/v2\/types\/post"}],"author":[{"embeddable":true,"href":"https:\/\/www.ess-rv.de\/index.php?rest_route=\/wp\/v2\/users\/3"}],"replies":[{"embeddable":true,"href":"https:\/\/www.ess-rv.de\/index.php?rest_route=%2Fwp%2Fv2%2Fcomments&post=5521"}],"version-history":[{"count":3,"href":"https:\/\/www.ess-rv.de\/index.php?rest_route=\/wp\/v2\/posts\/5521\/revisions"}],"predecessor-version":[{"id":5605,"href":"https:\/\/www.ess-rv.de\/index.php?rest_route=\/wp\/v2\/posts\/5521\/revisions\/5605"}],"wp:attachment":[{"href":"https:\/\/www.ess-rv.de\/index.php?rest_route=%2Fwp%2Fv2%2Fmedia&parent=5521"}],"wp:term":[{"taxonomy":"category","embeddable":true,"href":"https:\/\/www.ess-rv.de\/index.php?rest_route=%2Fwp%2Fv2%2Fcategories&post=5521"},{"taxonomy":"post_tag","embeddable":true,"href":"https:\/\/www.ess-rv.de\/index.php?rest_route=%2Fwp%2Fv2%2Ftags&post=5521"}],"curies":[{"name":"wp","href":"https:\/\/api.w.org\/{rel}","templated":true}]}}