{"id":5530,"date":"2019-02-25T13:09:13","date_gmt":"2019-02-25T12:09:13","guid":{"rendered":"http:\/\/www.ess-rv.de\/?p=5530"},"modified":"2019-03-12T11:57:40","modified_gmt":"2019-03-12T10:57:40","slug":"unesco-projektschule","status":"publish","type":"post","link":"https:\/\/www.ess-rv.de\/?p=5530","title":{"rendered":"UNESCO-Projektschule"},"content":{"rendered":"<h2 class=\"KopfTitel\">Afghanistan, ein Land in andauerndem Krieg<\/h2>\n<div id='gallery-1' class='gallery galleryid-5530 gallery-columns-3 gallery-size-thumbnail'><figure class='gallery-item'>\n\t\t\t<div class='gallery-icon landscape'>\n\t\t\t\t<a href='https:\/\/www.ess-rv.de\/wp-content\/uploads\/2019\/02\/20190285241024.jpg'><img loading=\"lazy\" decoding=\"async\" width=\"180\" height=\"180\" src=\"https:\/\/www.ess-rv.de\/wp-content\/uploads\/2019\/02\/20190285241024-180x180.jpg\" class=\"attachment-thumbnail size-thumbnail\" alt=\"\" \/><\/a>\n\t\t\t<\/div><\/figure><figure class='gallery-item'>\n\t\t\t<div class='gallery-icon landscape'>\n\t\t\t\t<a href='https:\/\/www.ess-rv.de\/wp-content\/uploads\/2019\/02\/20190285291024.jpg'><img loading=\"lazy\" decoding=\"async\" width=\"180\" height=\"180\" src=\"https:\/\/www.ess-rv.de\/wp-content\/uploads\/2019\/02\/20190285291024-180x180.jpg\" class=\"attachment-thumbnail size-thumbnail\" alt=\"\" \/><\/a>\n\t\t\t<\/div><\/figure><figure class='gallery-item'>\n\t\t\t<div class='gallery-icon landscape'>\n\t\t\t\t<a href='https:\/\/www.ess-rv.de\/wp-content\/uploads\/2019\/02\/20190285271024.jpg'><img loading=\"lazy\" decoding=\"async\" width=\"180\" height=\"180\" src=\"https:\/\/www.ess-rv.de\/wp-content\/uploads\/2019\/02\/20190285271024-180x180.jpg\" class=\"attachment-thumbnail size-thumbnail\" alt=\"\" \/><\/a>\n\t\t\t<\/div><\/figure>\n\t\t<\/div>\n\n<p>In der Edith-Stein-Schule, die auch anerkannte <a href=\"http:\/\/www.ess-rv.de\/?page_id=39\">UNESCO-Projektschule<\/a> ist, fand eine Podiumsdiskussion zur Situation in Afghanistan statt. Teilnehmer waren Herr Wahid Akbarzada vom Verein Impuls Afghanistan, Herr Rudolf Bindig (SPD), Herr Stefan Gram (Jugendoffizier der Bundeswehr), Herr Thomas Haschke (die Linke) sowie Herr Hamid Solh (Fl\u00fcchtling aus Afghanistan). Einigkeit bestand unter allen Teilnehmern, dass die Lage in dem Land sehr bedenklich ist und es trotz eines langen internationalen Engagements bisher nicht gelungen ist, einen funktionierenden Zivilstaat aufzubauen.<!--more--><\/p>\n<p>Ein B\u00fcndel von Ursachen wurde f\u00fcr diese Verh\u00e4ltnisse benannt: die offenen Grenzen zu Nachbarstaaten, die sich einmischen wollen, die unterschiedlichen Ethnien, die viele Sprachen sprechen und je eigene Anspr\u00fcche durchsetzen wollen, sowie die strategischen Interessen der Gro\u00dfm\u00e4chte in dem zentral gelegenen Land mit wichtigen Rohstoffen. Ein Abzug der internationalen Sicherheitskr\u00e4fte w\u00fcrde das geschundene Land noch tiefer in die Katastrophe f\u00fchren, meinte Herr Akbarzada und dankte f\u00fcr die humanit\u00e4ren Hilfen der Bundeswehr. Deren schwierigen Einsatz erl\u00e4uterte Herr Grams. Herr Bindig erkl\u00e4rte die Notwendigkeit, die terroristischen Umtriebe in Afghanistan zu beenden, wobei er allerdings nur f\u00fcr einen kurzen Milit\u00e4reinsatz pl\u00e4diert hatte. Herr Raschke hielt dagegen und favorisierte Verhandlungsl\u00f6sungen. Diese sind von N\u00f6ten, um das Land zu befrieden und ihm neue Perspektiven zu geben. In selbst komponierten Liedern trug Herr Solh den Wunsch vor, dass Afghanistan eine neue Chance bekommen sollte.<\/p>\n","protected":false},"excerpt":{"rendered":"<p>Afghanistan, ein Land in andauerndem Krieg In der Edith-Stein-Schule, die auch anerkannte UNESCO-Projektschule ist, fand eine Podiumsdiskussion zur Situation in Afghanistan statt. Teilnehmer waren Herr Wahid Akbarzada vom Verein Impuls Afghanistan, Herr Rudolf Bindig (SPD), Herr Stefan Gram (Jugendoffizier der Bundeswehr), Herr Thomas Haschke (die Linke) sowie Herr Hamid Solh (Fl\u00fcchtling aus Afghanistan). Einigkeit bestand &hellip; <a href=\"https:\/\/www.ess-rv.de\/?p=5530\" class=\"more-link\"><span class=\"screen-reader-text\">UNESCO-Projektschule<\/span> weiterlesen <span class=\"meta-nav\">&rarr;<\/span><\/a><\/p>\n","protected":false},"author":3,"featured_media":0,"comment_status":"closed","ping_status":"closed","sticky":false,"template":"","format":"standard","meta":{"footnotes":"","_links_to":"","_links_to_target":""},"categories":[18,2,47,33,186],"tags":[430,371,157,77,50,49,84],"class_list":["post-5530","post","type-post","status-publish","format-standard","hentry","category-ausserschulische-veranstaltung","category-bildungsangebot","category-soziales-engagement","category-veranstaltung","category-vortrag","tag-2018-2019","tag-berufliches-gymnasium","tag-berufsfachschule","tag-berufskolleg","tag-engagement","tag-ravensburg","tag-unesco"],"_links":{"self":[{"href":"https:\/\/www.ess-rv.de\/index.php?rest_route=\/wp\/v2\/posts\/5530","targetHints":{"allow":["GET"]}}],"collection":[{"href":"https:\/\/www.ess-rv.de\/index.php?rest_route=\/wp\/v2\/posts"}],"about":[{"href":"https:\/\/www.ess-rv.de\/index.php?rest_route=\/wp\/v2\/types\/post"}],"author":[{"embeddable":true,"href":"https:\/\/www.ess-rv.de\/index.php?rest_route=\/wp\/v2\/users\/3"}],"replies":[{"embeddable":true,"href":"https:\/\/www.ess-rv.de\/index.php?rest_route=%2Fwp%2Fv2%2Fcomments&post=5530"}],"version-history":[{"count":3,"href":"https:\/\/www.ess-rv.de\/index.php?rest_route=\/wp\/v2\/posts\/5530\/revisions"}],"predecessor-version":[{"id":5606,"href":"https:\/\/www.ess-rv.de\/index.php?rest_route=\/wp\/v2\/posts\/5530\/revisions\/5606"}],"wp:attachment":[{"href":"https:\/\/www.ess-rv.de\/index.php?rest_route=%2Fwp%2Fv2%2Fmedia&parent=5530"}],"wp:term":[{"taxonomy":"category","embeddable":true,"href":"https:\/\/www.ess-rv.de\/index.php?rest_route=%2Fwp%2Fv2%2Fcategories&post=5530"},{"taxonomy":"post_tag","embeddable":true,"href":"https:\/\/www.ess-rv.de\/index.php?rest_route=%2Fwp%2Fv2%2Ftags&post=5530"}],"curies":[{"name":"wp","href":"https:\/\/api.w.org\/{rel}","templated":true}]}}