{"id":5613,"date":"2019-03-20T05:00:29","date_gmt":"2019-03-20T04:00:29","guid":{"rendered":"http:\/\/www.ess-rv.de\/?p=5613"},"modified":"2019-03-18T21:29:38","modified_gmt":"2019-03-18T20:29:38","slug":"eingangsklassen-besuchen-den-landtag","status":"publish","type":"post","link":"https:\/\/www.ess-rv.de\/?p=5613","title":{"rendered":"Eingangsklassen besuchen den Landtag"},"content":{"rendered":"<h2 class=\"KopfTitel\">Landespolitik live<\/h2>\n<p><a href=\"http:\/\/www.ess-rv.de\/wp-content\/uploads\/2019\/03\/2019-03-19-01-1024.jpg\"><img loading=\"lazy\" decoding=\"async\" class=\"alignleft size-medium wp-image-5614\" src=\"http:\/\/www.ess-rv.de\/wp-content\/uploads\/2019\/03\/2019-03-19-01-1024-300x225.jpg\" alt=\"\" width=\"300\" height=\"225\" srcset=\"https:\/\/www.ess-rv.de\/wp-content\/uploads\/2019\/03\/2019-03-19-01-1024-300x225.jpg 300w, https:\/\/www.ess-rv.de\/wp-content\/uploads\/2019\/03\/2019-03-19-01-1024-768x576.jpg 768w, https:\/\/www.ess-rv.de\/wp-content\/uploads\/2019\/03\/2019-03-19-01-1024.jpg 1024w\" sizes=\"auto, (max-width: 300px) 100vw, 300px\" \/><\/a>Wie spannend Politik sein kann, erlebten die beiden Aulendorfer Eingangsklassen des <a href=\"http:\/\/www.ess-rv.de\/?page_id=80\">SG<\/a> und des <a href=\"http:\/\/www.ess-rv.de\/?page_id=76\">GG<\/a> am 20. Februar 2019 bei einem Besuch im Stuttgarter Landtag. Nach einer kurzen Einf\u00fchrung, wie das Parlament funktioniert, hatten wir eine Stunde lang die Gelegenheit, live der Debatte im Plenarsaal zu lauschen. Zun\u00e4chst ging um es um das aktuelle<!--more--> Thema Insektenschutz, bei dem Baden-W\u00fcrttemberg seinem Nachbarland Bayern in nichts nachstehen m\u00f6chte. Schnell wurde klar, dass der Debattenstil selbst bei einem solch relativ harmlosen Thema sehr harsch sein kann. Danach folgte eine Abstimmung, bei der alle Abgeordneten namentlich aufgerufen wurden, sodass wir sehr gut sehen konnten, wie Demokratie funktioniert. Mitunter f\u00fchlten wir uns dabei an die Unruhe in einem Klassenzimmer erinnert. Als es dann mit einer Aussprache zum Thema Migration richtig spannend wurde, war die Stunde leider schon vorbei. Nun hatten wir das Gl\u00fcck, noch ein Gespr\u00e4ch mit den beiden Abgeordneten Raimund Haser (CDU) und Petra Krebs (Gr\u00fcne) aus unserem Wahlkreis f\u00fchren zu k\u00f6nnen, die sehr pers\u00f6nlich auf alle m\u00f6glichen Fragen antworteten. Nach zwei Stunden Freizeit in Stuttgart ging es wieder zur\u00fcck nach Aulendorf.<\/p>\n","protected":false},"excerpt":{"rendered":"<p>Landespolitik live Wie spannend Politik sein kann, erlebten die beiden Aulendorfer Eingangsklassen des SG und des GG am 20. Februar 2019 bei einem Besuch im Stuttgarter Landtag. Nach einer kurzen Einf\u00fchrung, wie das Parlament funktioniert, hatten wir eine Stunde lang die Gelegenheit, live der Debatte im Plenarsaal zu lauschen. Zun\u00e4chst ging um es um das &hellip; <a href=\"https:\/\/www.ess-rv.de\/?p=5613\" class=\"more-link\"><span class=\"screen-reader-text\">Eingangsklassen besuchen den Landtag<\/span> weiterlesen <span class=\"meta-nav\">&rarr;<\/span><\/a><\/p>\n","protected":false},"author":3,"featured_media":0,"comment_status":"closed","ping_status":"closed","sticky":false,"template":"","format":"standard","meta":{"footnotes":"","_links_to":"","_links_to_target":""},"categories":[18,29,190,202,203],"tags":[430,70,416,148,254],"class_list":["post-5613","post","type-post","status-publish","format-standard","hentry","category-ausserschulische-veranstaltung","category-berufliche-gymnasien","category-exkursion","category-gg","category-sg","tag-2018-2019","tag-aulendorf","tag-aus-dem-unterricht","tag-berufliche-gymnasien","tag-exkursion"],"_links":{"self":[{"href":"https:\/\/www.ess-rv.de\/index.php?rest_route=\/wp\/v2\/posts\/5613","targetHints":{"allow":["GET"]}}],"collection":[{"href":"https:\/\/www.ess-rv.de\/index.php?rest_route=\/wp\/v2\/posts"}],"about":[{"href":"https:\/\/www.ess-rv.de\/index.php?rest_route=\/wp\/v2\/types\/post"}],"author":[{"embeddable":true,"href":"https:\/\/www.ess-rv.de\/index.php?rest_route=\/wp\/v2\/users\/3"}],"replies":[{"embeddable":true,"href":"https:\/\/www.ess-rv.de\/index.php?rest_route=%2Fwp%2Fv2%2Fcomments&post=5613"}],"version-history":[{"count":3,"href":"https:\/\/www.ess-rv.de\/index.php?rest_route=\/wp\/v2\/posts\/5613\/revisions"}],"predecessor-version":[{"id":5617,"href":"https:\/\/www.ess-rv.de\/index.php?rest_route=\/wp\/v2\/posts\/5613\/revisions\/5617"}],"wp:attachment":[{"href":"https:\/\/www.ess-rv.de\/index.php?rest_route=%2Fwp%2Fv2%2Fmedia&parent=5613"}],"wp:term":[{"taxonomy":"category","embeddable":true,"href":"https:\/\/www.ess-rv.de\/index.php?rest_route=%2Fwp%2Fv2%2Fcategories&post=5613"},{"taxonomy":"post_tag","embeddable":true,"href":"https:\/\/www.ess-rv.de\/index.php?rest_route=%2Fwp%2Fv2%2Ftags&post=5613"}],"curies":[{"name":"wp","href":"https:\/\/api.w.org\/{rel}","templated":true}]}}