{"id":5620,"date":"2019-04-07T17:20:42","date_gmt":"2019-04-07T15:20:42","guid":{"rendered":"http:\/\/www.ess-rv.de\/?p=5620"},"modified":"2019-04-07T17:20:42","modified_gmt":"2019-04-07T15:20:42","slug":"kinderregenwald-team-aktiv","status":"publish","type":"post","link":"https:\/\/www.ess-rv.de\/?p=5620","title":{"rendered":"Kinderregenwald-Team aktiv"},"content":{"rendered":"<h2 class=\"KopfTitel\">Flei\u00dfig am &#8222;Saturday for Future&#8220;<\/h2>\n<p><a href=\"http:\/\/www.ess-rv.de\/wp-content\/uploads\/2019\/04\/2019-04-1050356-01-1024.jpg\"><img loading=\"lazy\" decoding=\"async\" class=\"alignleft size-medium wp-image-5622\" src=\"http:\/\/www.ess-rv.de\/wp-content\/uploads\/2019\/04\/2019-04-1050356-01-1024-300x225.jpg\" alt=\"\" width=\"300\" height=\"225\" srcset=\"https:\/\/www.ess-rv.de\/wp-content\/uploads\/2019\/04\/2019-04-1050356-01-1024-300x225.jpg 300w, https:\/\/www.ess-rv.de\/wp-content\/uploads\/2019\/04\/2019-04-1050356-01-1024-768x576.jpg 768w, https:\/\/www.ess-rv.de\/wp-content\/uploads\/2019\/04\/2019-04-1050356-01-1024.jpg 1024w\" sizes=\"auto, (max-width: 300px) 100vw, 300px\" \/><\/a>Fast 700 Euro sammelten die Grundsch\u00fcler der Kuppelnauschule zusammen mit Oberstufensch\u00fclern der Edith-Stein-Schule am Samstag, 30. M\u00e4rz 2019, auf dem Ravensburger Marienplatz. Der sonnige Fr\u00fchlingstag lockte viele Marktbesucher zur Trib\u00fcne, auf der die Erst- und Zweitkl\u00e4ssler unerm\u00fcdlich tanzten und sangen. Die gesammelten Spenden gehen wie immer eins zu eins nach Costa Rica, um z. B. den &#8222;<a href=\"http:\/\/www.ess-rv.de\/?page_id=1184\">Ewigen Regenwald der Kinder<\/a>&#8220; zu vergr\u00f6\u00dfern.<\/p>\n","protected":false},"excerpt":{"rendered":"<p>Flei\u00dfig am &#8222;Saturday for Future&#8220; Fast 700 Euro sammelten die Grundsch\u00fcler der Kuppelnauschule zusammen mit Oberstufensch\u00fclern der Edith-Stein-Schule am Samstag, 30. M\u00e4rz 2019, auf dem Ravensburger Marienplatz. Der sonnige Fr\u00fchlingstag lockte viele Marktbesucher zur Trib\u00fcne, auf der die Erst- und Zweitkl\u00e4ssler unerm\u00fcdlich tanzten und sangen. Die gesammelten Spenden gehen wie immer eins zu eins nach &hellip; <a href=\"https:\/\/www.ess-rv.de\/?p=5620\" class=\"more-link\"><span class=\"screen-reader-text\">Kinderregenwald-Team aktiv<\/span> weiterlesen <span class=\"meta-nav\">&rarr;<\/span><\/a><\/p>\n","protected":false},"author":3,"featured_media":0,"comment_status":"closed","ping_status":"closed","sticky":false,"template":"","format":"standard","meta":{"footnotes":"","_links_to":"","_links_to_target":""},"categories":[18,29,2,200,201,202,203],"tags":[430,148,110,49,144],"class_list":["post-5620","post","type-post","status-publish","format-standard","hentry","category-ausserschulische-veranstaltung","category-berufliche-gymnasien","category-bildungsangebot","category-btg","category-eg","category-gg","category-sg","tag-2018-2019","tag-berufliche-gymnasien","tag-kinderregenwald","tag-ravensburg","tag-spenden"],"_links":{"self":[{"href":"https:\/\/www.ess-rv.de\/index.php?rest_route=\/wp\/v2\/posts\/5620","targetHints":{"allow":["GET"]}}],"collection":[{"href":"https:\/\/www.ess-rv.de\/index.php?rest_route=\/wp\/v2\/posts"}],"about":[{"href":"https:\/\/www.ess-rv.de\/index.php?rest_route=\/wp\/v2\/types\/post"}],"author":[{"embeddable":true,"href":"https:\/\/www.ess-rv.de\/index.php?rest_route=\/wp\/v2\/users\/3"}],"replies":[{"embeddable":true,"href":"https:\/\/www.ess-rv.de\/index.php?rest_route=%2Fwp%2Fv2%2Fcomments&post=5620"}],"version-history":[{"count":3,"href":"https:\/\/www.ess-rv.de\/index.php?rest_route=\/wp\/v2\/posts\/5620\/revisions"}],"predecessor-version":[{"id":5624,"href":"https:\/\/www.ess-rv.de\/index.php?rest_route=\/wp\/v2\/posts\/5620\/revisions\/5624"}],"wp:attachment":[{"href":"https:\/\/www.ess-rv.de\/index.php?rest_route=%2Fwp%2Fv2%2Fmedia&parent=5620"}],"wp:term":[{"taxonomy":"category","embeddable":true,"href":"https:\/\/www.ess-rv.de\/index.php?rest_route=%2Fwp%2Fv2%2Fcategories&post=5620"},{"taxonomy":"post_tag","embeddable":true,"href":"https:\/\/www.ess-rv.de\/index.php?rest_route=%2Fwp%2Fv2%2Ftags&post=5620"}],"curies":[{"name":"wp","href":"https:\/\/api.w.org\/{rel}","templated":true}]}}