{"id":5642,"date":"2019-05-06T15:19:09","date_gmt":"2019-05-06T13:19:09","guid":{"rendered":"http:\/\/www.ess-rv.de\/?p=5642"},"modified":"2019-05-06T15:19:09","modified_gmt":"2019-05-06T13:19:09","slug":"austausch-mit-weissrussland","status":"publish","type":"post","link":"https:\/\/www.ess-rv.de\/?p=5642","title":{"rendered":"Austausch mit Wei\u00dfrussland"},"content":{"rendered":"<h2 class=\"KopfTitel\">Brester Schule kommt zum Gegenbesuch<\/h2>\n<div id='gallery-1' class='gallery galleryid-5642 gallery-columns-3 gallery-size-thumbnail'><figure class='gallery-item'>\n\t\t\t<div class='gallery-icon landscape'>\n\t\t\t\t<a href='https:\/\/www.ess-rv.de\/wp-content\/uploads\/2019\/05\/03-1024.jpg'><img loading=\"lazy\" decoding=\"async\" width=\"180\" height=\"180\" src=\"https:\/\/www.ess-rv.de\/wp-content\/uploads\/2019\/05\/03-1024-180x180.jpg\" class=\"attachment-thumbnail size-thumbnail\" alt=\"\" aria-describedby=\"gallery-1-5645\" \/><\/a>\n\t\t\t<\/div>\n\t\t\t\t<figcaption class='wp-caption-text gallery-caption' id='gallery-1-5645'>\n\t\t\t\tBesuch der Meersburger Therme\n\t\t\t\t<\/figcaption><\/figure><figure class='gallery-item'>\n\t\t\t<div class='gallery-icon landscape'>\n\t\t\t\t<a href='https:\/\/www.ess-rv.de\/wp-content\/uploads\/2019\/05\/05-1024.jpg'><img loading=\"lazy\" decoding=\"async\" width=\"180\" height=\"180\" src=\"https:\/\/www.ess-rv.de\/wp-content\/uploads\/2019\/05\/05-1024-180x180.jpg\" class=\"attachment-thumbnail size-thumbnail\" alt=\"\" aria-describedby=\"gallery-1-5647\" \/><\/a>\n\t\t\t<\/div>\n\t\t\t\t<figcaption class='wp-caption-text gallery-caption' id='gallery-1-5647'>\n\t\t\t\tEmpfang der Brester Sch\u00fcler an der Edith-Stein-Schule\n\t\t\t\t<\/figcaption><\/figure><figure class='gallery-item'>\n\t\t\t<div class='gallery-icon landscape'>\n\t\t\t\t<a href='https:\/\/www.ess-rv.de\/wp-content\/uploads\/2019\/05\/04-1024.jpg'><img loading=\"lazy\" decoding=\"async\" width=\"180\" height=\"180\" src=\"https:\/\/www.ess-rv.de\/wp-content\/uploads\/2019\/05\/04-1024-180x180.jpg\" class=\"attachment-thumbnail size-thumbnail\" alt=\"\" aria-describedby=\"gallery-1-5646\" \/><\/a>\n\t\t\t<\/div>\n\t\t\t\t<figcaption class='wp-caption-text gallery-caption' id='gallery-1-5646'>\n\t\t\t\tFahrt nach Konstanz\n\t\t\t\t<\/figcaption><\/figure><figure class='gallery-item'>\n\t\t\t<div class='gallery-icon landscape'>\n\t\t\t\t<a href='https:\/\/www.ess-rv.de\/wp-content\/uploads\/2019\/05\/2-01-1024.jpg'><img loading=\"lazy\" decoding=\"async\" width=\"180\" height=\"180\" src=\"https:\/\/www.ess-rv.de\/wp-content\/uploads\/2019\/05\/2-01-1024-180x180.jpg\" class=\"attachment-thumbnail size-thumbnail\" alt=\"\" aria-describedby=\"gallery-1-5644\" \/><\/a>\n\t\t\t<\/div>\n\t\t\t\t<figcaption class='wp-caption-text gallery-caption' id='gallery-1-5644'>\n\t\t\t\tSchulmuseum Friedrichshafen\n\t\t\t\t<\/figcaption><\/figure><figure class='gallery-item'>\n\t\t\t<div class='gallery-icon landscape'>\n\t\t\t\t<a href='https:\/\/www.ess-rv.de\/wp-content\/uploads\/2019\/05\/1-02-1024.jpg'><img loading=\"lazy\" decoding=\"async\" width=\"180\" height=\"180\" src=\"https:\/\/www.ess-rv.de\/wp-content\/uploads\/2019\/05\/1-02-1024-180x180.jpg\" class=\"attachment-thumbnail size-thumbnail\" alt=\"\" aria-describedby=\"gallery-1-5643\" \/><\/a>\n\t\t\t<\/div>\n\t\t\t\t<figcaption class='wp-caption-text gallery-caption' id='gallery-1-5643'>\n\t\t\t\tBesuch beim Oberb\u00fcrgermeister Dr. Rapp\n\t\t\t\t<\/figcaption><\/figure>\n\t\t<\/div>\n\n<p>Vom 28. April bis 5. Mai 2019 kamen die Sch\u00fclerinnen und Sch\u00fcler der Brester Schule Nr. 1 zu uns nach Ravensburg. Nach einer 22-st\u00fcndigen Busfahrt erreichten sie am Sonntag Ravensburg und wurden von Herrn Greiner, Frau Mukhina und den deutschen Gastsch\u00fclern empfangen. Am ersten Abend vergn\u00fcgten sich die Austauschsch\u00fcler aus Wei\u00dfrussland mit ihren Gastsch\u00fclern in einem Bowlingcenter. Am Montag folgten <!--more-->ein Besuch beim Ravensburger Oberb\u00fcrgermeister, eine F\u00fchrung durch die Edith-Stein-Schule und ein Spaziergang nach Weingarten. Am n\u00e4chsten Tag reiste die Gruppe nach Friedrichshafen und besuchte dort das Dornier- und das Schulmuseum. Am Mittwoch wanderte die Sch\u00fclergruppe auf den Pf\u00e4nder und bestaunte die sch\u00f6ne Aussicht auf den Bodensee. Am Donnerstag ging die Reise nach Konstanz, Kreuzlingen und auf die sch\u00f6ne Insel Mainau. Am Freitag verbrachte die Gruppe ihren Tag in Ravensburg und am Samstag hatten die Sch\u00fcler eine entspannte Zeit in der Meersburger Therme. Den letzten Tag verbrachten die Gastsch\u00fcler mit ihren Partnern und traten dann am Bahnhof ihre R\u00fcckreise an.<\/p>\n","protected":false},"excerpt":{"rendered":"<p>Brester Schule kommt zum Gegenbesuch Vom 28. April bis 5. Mai 2019 kamen die Sch\u00fclerinnen und Sch\u00fcler der Brester Schule Nr. 1 zu uns nach Ravensburg. Nach einer 22-st\u00fcndigen Busfahrt erreichten sie am Sonntag Ravensburg und wurden von Herrn Greiner, Frau Mukhina und den deutschen Gastsch\u00fclern empfangen. Am ersten Abend vergn\u00fcgten sich die Austauschsch\u00fcler aus &hellip; <a href=\"https:\/\/www.ess-rv.de\/?p=5642\" class=\"more-link\"><span class=\"screen-reader-text\">Austausch mit Wei\u00dfrussland<\/span> weiterlesen <span class=\"meta-nav\">&rarr;<\/span><\/a><\/p>\n","protected":false},"author":3,"featured_media":0,"comment_status":"closed","ping_status":"closed","sticky":false,"template":"","format":"standard","meta":{"footnotes":"","_links_to":"","_links_to_target":""},"categories":[18,96,29,2],"tags":[430,101,148,98,102],"class_list":["post-5642","post","type-post","status-publish","format-standard","hentry","category-ausserschulische-veranstaltung","category-austausch","category-berufliche-gymnasien","category-bildungsangebot","tag-2018-2019","tag-austausch","tag-berufliche-gymnasien","tag-russisch","tag-weissrussland"],"_links":{"self":[{"href":"https:\/\/www.ess-rv.de\/index.php?rest_route=\/wp\/v2\/posts\/5642","targetHints":{"allow":["GET"]}}],"collection":[{"href":"https:\/\/www.ess-rv.de\/index.php?rest_route=\/wp\/v2\/posts"}],"about":[{"href":"https:\/\/www.ess-rv.de\/index.php?rest_route=\/wp\/v2\/types\/post"}],"author":[{"embeddable":true,"href":"https:\/\/www.ess-rv.de\/index.php?rest_route=\/wp\/v2\/users\/3"}],"replies":[{"embeddable":true,"href":"https:\/\/www.ess-rv.de\/index.php?rest_route=%2Fwp%2Fv2%2Fcomments&post=5642"}],"version-history":[{"count":1,"href":"https:\/\/www.ess-rv.de\/index.php?rest_route=\/wp\/v2\/posts\/5642\/revisions"}],"predecessor-version":[{"id":5648,"href":"https:\/\/www.ess-rv.de\/index.php?rest_route=\/wp\/v2\/posts\/5642\/revisions\/5648"}],"wp:attachment":[{"href":"https:\/\/www.ess-rv.de\/index.php?rest_route=%2Fwp%2Fv2%2Fmedia&parent=5642"}],"wp:term":[{"taxonomy":"category","embeddable":true,"href":"https:\/\/www.ess-rv.de\/index.php?rest_route=%2Fwp%2Fv2%2Fcategories&post=5642"},{"taxonomy":"post_tag","embeddable":true,"href":"https:\/\/www.ess-rv.de\/index.php?rest_route=%2Fwp%2Fv2%2Ftags&post=5642"}],"curies":[{"name":"wp","href":"https:\/\/api.w.org\/{rel}","templated":true}]}}