{"id":5839,"date":"2019-09-29T11:59:21","date_gmt":"2019-09-29T09:59:21","guid":{"rendered":"http:\/\/www.ess-rv.de\/?p=5839"},"modified":"2019-09-29T12:00:38","modified_gmt":"2019-09-29T10:00:38","slug":"5839","status":"publish","type":"post","link":"https:\/\/www.ess-rv.de\/?p=5839","title":{"rendered":"Vorbereitung Arbeit\/Beruf"},"content":{"rendered":"<h2 class=\"KopfTitel\">\nDie Klasse VABR4 im Kunstmuseum<br \/>\n<\/h2>\n<p><a href=\"http:\/\/www.ess-rv.de\/wp-content\/uploads\/2019\/09\/2019-09-29_image01_1024.jpg\"><img loading=\"lazy\" decoding=\"async\" class=\"alignleft wp-image-5840 size-medium\" src=\"http:\/\/www.ess-rv.de\/wp-content\/uploads\/2019\/09\/2019-09-29_image01_1024-300x225.jpg\" alt=\"\" width=\"300\" height=\"225\" srcset=\"https:\/\/www.ess-rv.de\/wp-content\/uploads\/2019\/09\/2019-09-29_image01_1024-300x225.jpg 300w, https:\/\/www.ess-rv.de\/wp-content\/uploads\/2019\/09\/2019-09-29_image01_1024-768x576.jpg 768w, https:\/\/www.ess-rv.de\/wp-content\/uploads\/2019\/09\/2019-09-29_image01_1024.jpg 1024w\" sizes=\"auto, (max-width: 300px) 100vw, 300px\" \/><\/a>Schon am zweiten Tag des neuen Schuljahres 2019\/2020 besuchte die Klasse VABR4 der Edith-Stein-Schule mit der Jugendberufseinstiegshelferin Frau Nagel und ihrer Klassenlehrerin die Ausstellung FACE IT! im Kunstmuseum Ravensburg. So konnte sich die Klasse nicht nur ein Bild der interessanten Ausstellung machen, sondern auch von ihren neuen Mitsch\u00fclerinnen und -sch\u00fclern. Im anschlie\u00dfenden Workshop wurden Gesichter verfremdet: Jedes Gesicht ist ein Ort des Zeigens und Verbergens &#8211; auch in der Schule!<\/p>\n","protected":false},"excerpt":{"rendered":"<p>Die Klasse VABR4 im Kunstmuseum Schon am zweiten Tag des neuen Schuljahres 2019\/2020 besuchte die Klasse VABR4 der Edith-Stein-Schule mit der Jugendberufseinstiegshelferin Frau Nagel und ihrer Klassenlehrerin die Ausstellung FACE IT! im Kunstmuseum Ravensburg. So konnte sich die Klasse nicht nur ein Bild der interessanten Ausstellung machen, sondern auch von ihren neuen Mitsch\u00fclerinnen und -sch\u00fclern. &hellip; <a href=\"https:\/\/www.ess-rv.de\/?p=5839\" class=\"more-link\"><span class=\"screen-reader-text\">Vorbereitung Arbeit\/Beruf<\/span> weiterlesen <span class=\"meta-nav\">&rarr;<\/span><\/a><\/p>\n","protected":false},"author":3,"featured_media":0,"comment_status":"closed","ping_status":"closed","sticky":false,"template":"","format":"standard","meta":{"footnotes":"","_links_to":"","_links_to_target":""},"categories":[18,2,117,106,198,32],"tags":[447,107,49,22],"class_list":["post-5839","post","type-post","status-publish","format-standard","hentry","category-ausserschulische-veranstaltung","category-bildungsangebot","category-erlebnispaedagogik","category-kunst","category-standort-ravensburg","category-vab","tag-2019-2020","tag-kunst","tag-ravensburg","tag-vab"],"_links":{"self":[{"href":"https:\/\/www.ess-rv.de\/index.php?rest_route=\/wp\/v2\/posts\/5839","targetHints":{"allow":["GET"]}}],"collection":[{"href":"https:\/\/www.ess-rv.de\/index.php?rest_route=\/wp\/v2\/posts"}],"about":[{"href":"https:\/\/www.ess-rv.de\/index.php?rest_route=\/wp\/v2\/types\/post"}],"author":[{"embeddable":true,"href":"https:\/\/www.ess-rv.de\/index.php?rest_route=\/wp\/v2\/users\/3"}],"replies":[{"embeddable":true,"href":"https:\/\/www.ess-rv.de\/index.php?rest_route=%2Fwp%2Fv2%2Fcomments&post=5839"}],"version-history":[{"count":3,"href":"https:\/\/www.ess-rv.de\/index.php?rest_route=\/wp\/v2\/posts\/5839\/revisions"}],"predecessor-version":[{"id":5843,"href":"https:\/\/www.ess-rv.de\/index.php?rest_route=\/wp\/v2\/posts\/5839\/revisions\/5843"}],"wp:attachment":[{"href":"https:\/\/www.ess-rv.de\/index.php?rest_route=%2Fwp%2Fv2%2Fmedia&parent=5839"}],"wp:term":[{"taxonomy":"category","embeddable":true,"href":"https:\/\/www.ess-rv.de\/index.php?rest_route=%2Fwp%2Fv2%2Fcategories&post=5839"},{"taxonomy":"post_tag","embeddable":true,"href":"https:\/\/www.ess-rv.de\/index.php?rest_route=%2Fwp%2Fv2%2Ftags&post=5839"}],"curies":[{"name":"wp","href":"https:\/\/api.w.org\/{rel}","templated":true}]}}