{"id":6058,"date":"2020-02-19T05:00:07","date_gmt":"2020-02-19T04:00:07","guid":{"rendered":"http:\/\/www.ess-rv.de\/?p=6058"},"modified":"2020-02-18T09:18:55","modified_gmt":"2020-02-18T08:18:55","slug":"musikworkshop-der-klassen-vabr-und-vabo","status":"publish","type":"post","link":"https:\/\/www.ess-rv.de\/?p=6058","title":{"rendered":"Musikworkshop der Klassen VABR und VABO"},"content":{"rendered":"<h2 class=\"KopfTitel\">Musik f\u00fcr Demokratie<\/h2>\n<p><a href=\"http:\/\/www.ess-rv.de\/wp-content\/uploads\/2020\/02\/2020-02-18-01-1024.jpg\"><img loading=\"lazy\" decoding=\"async\" src=\"http:\/\/www.ess-rv.de\/wp-content\/uploads\/2020\/02\/2020-02-18-01-1024-300x225.jpg\" alt=\"\" width=\"300\" height=\"225\" class=\"alignleft size-medium wp-image-6060\" srcset=\"https:\/\/www.ess-rv.de\/wp-content\/uploads\/2020\/02\/2020-02-18-01-1024-300x225.jpg 300w, https:\/\/www.ess-rv.de\/wp-content\/uploads\/2020\/02\/2020-02-18-01-1024-1024x768.jpg 1024w, https:\/\/www.ess-rv.de\/wp-content\/uploads\/2020\/02\/2020-02-18-01-1024-768x576.jpg 768w, https:\/\/www.ess-rv.de\/wp-content\/uploads\/2020\/02\/2020-02-18-01-1024-1536x1152.jpg 1536w, https:\/\/www.ess-rv.de\/wp-content\/uploads\/2020\/02\/2020-02-18-01-1024.jpg 2048w\" sizes=\"auto, (max-width: 300px) 100vw, 300px\" \/><\/a>Unter dem Motto \u201eMusik f\u00fcr Demokratie\u201c nahmen Sch\u00fclerinnen und Sch\u00fcler aus den Klassen VABO und VABR an einem Musik-Workshop teil. Die Gruppe erstellte zu Beginn ein Klangmemory aus nachhaltigen Materialien. Bei weiteren Terminen f\u00fchrte die Musikp\u00e4dagogin Antje Leydel-Lehmann die Jugendlichen behutsam an das Thema Musik heran. Dabei wurde die Musik eine Br\u00fccke der Verst\u00e4ndigung. Zum Abschluss pr\u00e4sentierten die Sch\u00fclerinnen und Sch\u00fcler ihr Klangmemory in einer Klasse der Kinderpflege und spielten gemeinsam. Gef\u00f6rdert wurde das Projekt durch das Bundesprogramm \u201eDemokratie leben!\u201c.<\/p>\n","protected":false},"excerpt":{"rendered":"<p>Musik f\u00fcr Demokratie Unter dem Motto \u201eMusik f\u00fcr Demokratie\u201c nahmen Sch\u00fclerinnen und Sch\u00fcler aus den Klassen VABO und VABR an einem Musik-Workshop teil. Die Gruppe erstellte zu Beginn ein Klangmemory aus nachhaltigen Materialien. Bei weiteren Terminen f\u00fchrte die Musikp\u00e4dagogin Antje Leydel-Lehmann die Jugendlichen behutsam an das Thema Musik heran. Dabei wurde die Musik eine Br\u00fccke &hellip; <a href=\"https:\/\/www.ess-rv.de\/?p=6058\" class=\"more-link\"><span class=\"screen-reader-text\">Musikworkshop der Klassen VABR und VABO<\/span> weiterlesen <span class=\"meta-nav\">&rarr;<\/span><\/a><\/p>\n","protected":false},"author":3,"featured_media":0,"comment_status":"closed","ping_status":"closed","sticky":false,"template":"","format":"standard","meta":{"footnotes":"","_links_to":"","_links_to_target":""},"categories":[18,2,198,32,89],"tags":[447,452,67,49,22,39],"class_list":["post-6058","post","type-post","status-publish","format-standard","hentry","category-ausserschulische-veranstaltung","category-bildungsangebot","category-standort-ravensburg","category-vab","category-vabo","tag-2019-2020","tag-musik","tag-projekt","tag-ravensburg","tag-vab","tag-vabo"],"_links":{"self":[{"href":"https:\/\/www.ess-rv.de\/index.php?rest_route=\/wp\/v2\/posts\/6058","targetHints":{"allow":["GET"]}}],"collection":[{"href":"https:\/\/www.ess-rv.de\/index.php?rest_route=\/wp\/v2\/posts"}],"about":[{"href":"https:\/\/www.ess-rv.de\/index.php?rest_route=\/wp\/v2\/types\/post"}],"author":[{"embeddable":true,"href":"https:\/\/www.ess-rv.de\/index.php?rest_route=\/wp\/v2\/users\/3"}],"replies":[{"embeddable":true,"href":"https:\/\/www.ess-rv.de\/index.php?rest_route=%2Fwp%2Fv2%2Fcomments&post=6058"}],"version-history":[{"count":3,"href":"https:\/\/www.ess-rv.de\/index.php?rest_route=\/wp\/v2\/posts\/6058\/revisions"}],"predecessor-version":[{"id":6062,"href":"https:\/\/www.ess-rv.de\/index.php?rest_route=\/wp\/v2\/posts\/6058\/revisions\/6062"}],"wp:attachment":[{"href":"https:\/\/www.ess-rv.de\/index.php?rest_route=%2Fwp%2Fv2%2Fmedia&parent=6058"}],"wp:term":[{"taxonomy":"category","embeddable":true,"href":"https:\/\/www.ess-rv.de\/index.php?rest_route=%2Fwp%2Fv2%2Fcategories&post=6058"},{"taxonomy":"post_tag","embeddable":true,"href":"https:\/\/www.ess-rv.de\/index.php?rest_route=%2Fwp%2Fv2%2Ftags&post=6058"}],"curies":[{"name":"wp","href":"https:\/\/api.w.org\/{rel}","templated":true}]}}