{"id":6101,"date":"2020-02-25T13:11:48","date_gmt":"2020-02-25T12:11:48","guid":{"rendered":"http:\/\/www.ess-rv.de\/?p=6101"},"modified":"2020-02-25T13:12:51","modified_gmt":"2020-02-25T12:12:51","slug":"regionalwettbewerb-jugend-forscht-2020-2","status":"publish","type":"post","link":"https:\/\/www.ess-rv.de\/?p=6101","title":{"rendered":"Regionalwettbewerb Jugend forscht 2020"},"content":{"rendered":"<h2 class=\"KopfTitel\">Zwei mal zwei GG2-Sch\u00fclerinnen der Edith-Stein-Schule nehmen am Regionalwettbewerb Jugend forscht in Ulm teil<\/h2>\n<p><a href=\"http:\/\/www.ess-rv.de\/wp-content\/uploads\/2020\/02\/jufo-au.jpg\"><img loading=\"lazy\" decoding=\"async\" src=\"http:\/\/www.ess-rv.de\/wp-content\/uploads\/2020\/02\/jufo-au-300x245.jpg\" alt=\"\" width=\"300\" height=\"245\" class=\"alignleft size-medium wp-image-6105\" srcset=\"https:\/\/www.ess-rv.de\/wp-content\/uploads\/2020\/02\/jufo-au-300x245.jpg 300w, https:\/\/www.ess-rv.de\/wp-content\/uploads\/2020\/02\/jufo-au-768x628.jpg 768w, https:\/\/www.ess-rv.de\/wp-content\/uploads\/2020\/02\/jufo-au.jpg 923w\" sizes=\"auto, (max-width: 300px) 100vw, 300px\" \/><\/a>Mit viel Schwung und noch mehr Sport am Start: Die Edith-Stein-Schule Ravensburg&nbsp;&amp; Aulendorf und der Projektbetreuer Ronald Wolff freuen sich \u00fcber die Teilnahme und den Erfolg unserer GG2-Sch\u00fclerinnen, die vergangene Woche beim Jugend forscht-Wettbewerb in Ulm teilgenommen haben. Herzliche Gratulation zum 3. Platz im Fachbereich Biologie, den Ulrika Dilger und Franziska Kunze des Gesundheitswissenschaftlichen Gymnasiums beim Regionalwettbewerb in Ulm erreichten. <!--more--><\/p>\n<p>Das Thema \u201eDie Auswirkung eines Konditionstrainings auf die Ausdauer\u201c wurde sowohl in der Theorie umfassend wissenschaftlich aufgearbeitet als auch in der Praxis in mehreren Trainingsphasen im Team erprobt. Die Jungforscherinnen Katja Gelder und Julia Ebert des Gesundheitswissenschaftlichen Gymnasiums besch\u00e4ftigten sich im Bereich \u201eArbeitswelt\u201c in ihrer Forschungsarbeit mit der Frage: \u201eL\u00e4sst sich die Ausdauer mit einem appbasierten Training im Schulalltag verbessern?\u201c. 12 Wochen lang haben sie drei Mal die Woche mit der App \u201eSieben Minuten\u201c in einem \u201eHigh-Intensity-Intervall-Training\u201c unter verschiedenen Voraussetzungen und mit verschiedenen Parametern wissenschaftlich fundiert R\u00fcckschl\u00fcsse auf die sportliche Leistungsf\u00e4higkeit gezogen.<\/p>\n<p>Die Jury zeigte sich besonders von der Tatsache beeindruckt, dass beide Teams den jeweils praktischen Teil ihrer Forschung im letzten Jahr im Rahmen eines Besuchs unserer Schule in Armenien w\u00e4hrend eines dort stattfindenden Marathonlaufes direkt erlebt und damit real umgesetzt haben. Ebenfalls fielen bei beiden Teams die jeweils punktgenau und professionell durchgef\u00fchrten Leistungsdiagnosen im Leistungsdiagnostikzentrum Scheidegg sehr positiv auf.<\/p>\n","protected":false},"excerpt":{"rendered":"<p>Zwei mal zwei GG2-Sch\u00fclerinnen der Edith-Stein-Schule nehmen am Regionalwettbewerb Jugend forscht in Ulm teil Mit viel Schwung und noch mehr Sport am Start: Die Edith-Stein-Schule Ravensburg&nbsp;&amp; Aulendorf und der Projektbetreuer Ronald Wolff freuen sich \u00fcber die Teilnahme und den Erfolg unserer GG2-Sch\u00fclerinnen, die vergangene Woche beim Jugend forscht-Wettbewerb in Ulm teilgenommen haben. Herzliche Gratulation zum &hellip; <a href=\"https:\/\/www.ess-rv.de\/?p=6101\" class=\"more-link\"><span class=\"screen-reader-text\">Regionalwettbewerb Jugend forscht 2020<\/span> weiterlesen <span class=\"meta-nav\">&rarr;<\/span><\/a><\/p>\n","protected":false},"author":3,"featured_media":0,"comment_status":"closed","ping_status":"closed","sticky":false,"template":"","format":"standard","meta":{"footnotes":"","_links_to":"","_links_to_target":""},"categories":[18,29,2,202,24,19,197,53],"tags":[447,70,148,333,58],"class_list":["post-6101","post","type-post","status-publish","format-standard","hentry","category-ausserschulische-veranstaltung","category-berufliche-gymnasien","category-bildungsangebot","category-gg","category-jugend-forscht","category-sport","category-standort-aulendorf","category-wettbewerb","tag-2019-2020","tag-aulendorf","tag-berufliche-gymnasien","tag-jugend-forscht","tag-wettbewerb"],"_links":{"self":[{"href":"https:\/\/www.ess-rv.de\/index.php?rest_route=\/wp\/v2\/posts\/6101","targetHints":{"allow":["GET"]}}],"collection":[{"href":"https:\/\/www.ess-rv.de\/index.php?rest_route=\/wp\/v2\/posts"}],"about":[{"href":"https:\/\/www.ess-rv.de\/index.php?rest_route=\/wp\/v2\/types\/post"}],"author":[{"embeddable":true,"href":"https:\/\/www.ess-rv.de\/index.php?rest_route=\/wp\/v2\/users\/3"}],"replies":[{"embeddable":true,"href":"https:\/\/www.ess-rv.de\/index.php?rest_route=%2Fwp%2Fv2%2Fcomments&post=6101"}],"version-history":[{"count":6,"href":"https:\/\/www.ess-rv.de\/index.php?rest_route=\/wp\/v2\/posts\/6101\/revisions"}],"predecessor-version":[{"id":6108,"href":"https:\/\/www.ess-rv.de\/index.php?rest_route=\/wp\/v2\/posts\/6101\/revisions\/6108"}],"wp:attachment":[{"href":"https:\/\/www.ess-rv.de\/index.php?rest_route=%2Fwp%2Fv2%2Fmedia&parent=6101"}],"wp:term":[{"taxonomy":"category","embeddable":true,"href":"https:\/\/www.ess-rv.de\/index.php?rest_route=%2Fwp%2Fv2%2Fcategories&post=6101"},{"taxonomy":"post_tag","embeddable":true,"href":"https:\/\/www.ess-rv.de\/index.php?rest_route=%2Fwp%2Fv2%2Ftags&post=6101"}],"curies":[{"name":"wp","href":"https:\/\/api.w.org\/{rel}","templated":true}]}}