{"id":6314,"date":"2020-04-16T13:43:42","date_gmt":"2020-04-16T11:43:42","guid":{"rendered":"http:\/\/www.ess-rv.de\/?p=6314"},"modified":"2020-04-16T13:45:28","modified_gmt":"2020-04-16T11:45:28","slug":"produktion-behelfsmasken","status":"publish","type":"post","link":"https:\/\/www.ess-rv.de\/?p=6314","title":{"rendered":"Schulschlie\u00dfung"},"content":{"rendered":"<h2 class=\"KopfTitel\">Technische Lehrerinnen fertigen Behelfsmasken<\/h2>\n<p><a href=\"http:\/\/www.ess-rv.de\/wp-content\/uploads\/2020\/04\/92251628_2991253774270720_7396266569447243776_o.jpg\"><img loading=\"lazy\" decoding=\"async\" src=\"http:\/\/www.ess-rv.de\/wp-content\/uploads\/2020\/04\/92251628_2991253774270720_7396266569447243776_o-300x225.jpg\" alt=\"\" width=\"300\" height=\"225\" class=\"alignleft size-medium wp-image-6316\" srcset=\"https:\/\/www.ess-rv.de\/wp-content\/uploads\/2020\/04\/92251628_2991253774270720_7396266569447243776_o-300x225.jpg 300w, https:\/\/www.ess-rv.de\/wp-content\/uploads\/2020\/04\/92251628_2991253774270720_7396266569447243776_o-1024x768.jpg 1024w, https:\/\/www.ess-rv.de\/wp-content\/uploads\/2020\/04\/92251628_2991253774270720_7396266569447243776_o-768x576.jpg 768w, https:\/\/www.ess-rv.de\/wp-content\/uploads\/2020\/04\/92251628_2991253774270720_7396266569447243776_o-1536x1152.jpg 1536w, https:\/\/www.ess-rv.de\/wp-content\/uploads\/2020\/04\/92251628_2991253774270720_7396266569447243776_o.jpg 1811w\" sizes=\"auto, (max-width: 300px) 100vw, 300px\" \/><\/a>Die Schule bereitet sich bereits organisatorisch auf die Zeit nach der Schulschlie\u00dfung vor. Die Durchf\u00fchrung der anstehenden Pr\u00fcfungen und die Einhaltung der Abstandsregeln und Hygienebestimmungen werden f\u00fcr alle eine gro\u00dfe Herausforderung werden. Damit sich unsere Sch\u00fcler*innen unter diesen Einschr\u00e4nkungen ganz auf ihre Pr\u00fcfungen konzentrieren k\u00f6nnen, sitzen unsere Technischen Lehrerinnen <!--more-->in diesen Tagen zu Hause an ihren N\u00e4hmaschinen und fertigen in einer ersten Produktionsreihe bis zu 400 Behelfsmasken. Alle Technischen Lehrerinnen waren sofort bereit, sich bei diesem Projekt zu beteiligen, und entwarfen sogleich verschiedene Prototypen. Wir d\u00fcrfen auf das Ergebnis gespannt sein. Bei Bedarf werden wir mithilfe unserer Sch\u00fcler*innen der Juniorfirma der Edith-Stein-Schule die Produktion auch noch ausweiten k\u00f6nnen, sind sich alle Beteiligten sicher.<\/p>\n","protected":false},"excerpt":{"rendered":"<p>Technische Lehrerinnen fertigen Behelfsmasken Die Schule bereitet sich bereits organisatorisch auf die Zeit nach der Schulschlie\u00dfung vor. Die Durchf\u00fchrung der anstehenden Pr\u00fcfungen und die Einhaltung der Abstandsregeln und Hygienebestimmungen werden f\u00fcr alle eine gro\u00dfe Herausforderung werden. Damit sich unsere Sch\u00fcler*innen unter diesen Einschr\u00e4nkungen ganz auf ihre Pr\u00fcfungen konzentrieren k\u00f6nnen, sitzen unsere Technischen Lehrerinnen<\/p>\n","protected":false},"author":3,"featured_media":0,"comment_status":"closed","ping_status":"closed","sticky":false,"template":"","format":"standard","meta":{"footnotes":"","_links_to":"","_links_to_target":""},"categories":[18,198],"tags":[447,50,49],"class_list":["post-6314","post","type-post","status-publish","format-standard","hentry","category-ausserschulische-veranstaltung","category-standort-ravensburg","tag-2019-2020","tag-engagement","tag-ravensburg"],"_links":{"self":[{"href":"https:\/\/www.ess-rv.de\/index.php?rest_route=\/wp\/v2\/posts\/6314","targetHints":{"allow":["GET"]}}],"collection":[{"href":"https:\/\/www.ess-rv.de\/index.php?rest_route=\/wp\/v2\/posts"}],"about":[{"href":"https:\/\/www.ess-rv.de\/index.php?rest_route=\/wp\/v2\/types\/post"}],"author":[{"embeddable":true,"href":"https:\/\/www.ess-rv.de\/index.php?rest_route=\/wp\/v2\/users\/3"}],"replies":[{"embeddable":true,"href":"https:\/\/www.ess-rv.de\/index.php?rest_route=%2Fwp%2Fv2%2Fcomments&post=6314"}],"version-history":[{"count":5,"href":"https:\/\/www.ess-rv.de\/index.php?rest_route=\/wp\/v2\/posts\/6314\/revisions"}],"predecessor-version":[{"id":6320,"href":"https:\/\/www.ess-rv.de\/index.php?rest_route=\/wp\/v2\/posts\/6314\/revisions\/6320"}],"wp:attachment":[{"href":"https:\/\/www.ess-rv.de\/index.php?rest_route=%2Fwp%2Fv2%2Fmedia&parent=6314"}],"wp:term":[{"taxonomy":"category","embeddable":true,"href":"https:\/\/www.ess-rv.de\/index.php?rest_route=%2Fwp%2Fv2%2Fcategories&post=6314"},{"taxonomy":"post_tag","embeddable":true,"href":"https:\/\/www.ess-rv.de\/index.php?rest_route=%2Fwp%2Fv2%2Ftags&post=6314"}],"curies":[{"name":"wp","href":"https:\/\/api.w.org\/{rel}","templated":true}]}}