{"id":638,"date":"2015-03-04T16:07:00","date_gmt":"2015-03-04T15:07:00","guid":{"rendered":"http:\/\/www.ess-rv.de\/?p=638"},"modified":"2015-03-24T11:40:13","modified_gmt":"2015-03-24T10:40:13","slug":"landwirtschaftlicher-berufswettbewerb-an-der-edith-stein-schule","status":"publish","type":"post","link":"https:\/\/www.ess-rv.de\/?p=638","title":{"rendered":"Landwirtschaftlicher Berufswettbewerb"},"content":{"rendered":"<p>Marco Nusser und Christoph Schw\u00e4rzler, zwei Sch\u00fcler der Landwirtschaftlichen Berufsschule, nahmen erfolgreich an der ersten Runde des Berufswettbewerbs der deutschen Landjugend teil und vertreten die Edith-Stein-Schule damit in der zweiten Runde.<!--more--><\/p>\n<p><a href=\"http:\/\/www.ess-rv.de\/wp-content\/uploads\/2015\/03\/Bild-2.jpg\"><img loading=\"lazy\" decoding=\"async\" class=\"alignleft size-medium wp-image-639\" src=\"http:\/\/www.ess-rv.de\/wp-content\/uploads\/2015\/03\/Bild-2-300x225.jpg\" alt=\"Landwirtschaftlicher Berufswettbewerb an der Edith-Stein-Schule\" width=\"300\" height=\"225\" srcset=\"https:\/\/www.ess-rv.de\/wp-content\/uploads\/2015\/03\/Bild-2-300x225.jpg 300w, https:\/\/www.ess-rv.de\/wp-content\/uploads\/2015\/03\/Bild-2.jpg 1024w\" sizes=\"auto, (max-width: 300px) 100vw, 300px\" \/><\/a> \u00dcberzeugend stellten die angehenden Landwirte ihre Fertigkeiten und F\u00e4higkeiten auf vier unterschiedlichen Gebieten zur Schau. Gefordert waren sie unter anderem mit Fragen zum Allgemeinwissen, dem Bestimmen von Pflanzenteilen, dem Bau eines Werkst\u00fcckes und dem Pr\u00e4sentieren von Themen, die einen Bezug zur Landwirtschaft haben. So wurde u.a. aufgezeigt, welchen Nutzen Smart-Phones und die darauf verf\u00fcgbaren Apps f\u00fcr den modernen Landwirt haben.<\/p>\n<p>Bei der anschlie\u00dfenden Siegerehrung machte Josef Halder vom Bauernverband deutlich, dass durch diesen Wettbewerb die Lust zur Weiterqualifizierung geweckt werden soll. Stillstand hei\u00dft R\u00fcckschritt und dieser Devise k\u00f6nnen sich auch die Landwirte nicht verschlie\u00dfen. Daher ist eine lebenslange Fortbildungsbereitschaft ein \u201eMuss\u201c, um f\u00fcr die vielf\u00e4ltigen Entwicklungen im technischen, wirtschaftlichen und im Naturschutzbereich gewappnet zu sein.<\/p>\n<p>Unter gro\u00dfem Applaus nahmen die beiden Sieger ihre Geschenke entgegen und sie freuten sich \u00fcber die guten W\u00fcnsche f\u00fcr die n\u00e4chste Runde \u2013 dem Landesentscheid.<\/p>\n","protected":false},"excerpt":{"rendered":"<p>Marco Nusser und Christoph Schw\u00e4rzler, zwei Sch\u00fcler der Landwirtschaftlichen Berufsschule, nahmen erfolgreich an der ersten Runde des Berufswettbewerbs der deutschen Landjugend teil und vertreten die Edith-Stein-Schule damit in der zweiten Runde.<\/p>\n","protected":false},"author":3,"featured_media":0,"comment_status":"closed","ping_status":"closed","sticky":false,"template":"","format":"standard","meta":{"footnotes":"","_links_to":"","_links_to_target":""},"categories":[40,2,204,33,53],"tags":[93,54,49,58],"class_list":["post-638","post","type-post","status-publish","format-standard","hentry","category-berufsschule","category-bildungsangebot","category-lw","category-veranstaltung","category-wettbewerb","tag-2014-2015","tag-berufsschule","tag-ravensburg","tag-wettbewerb"],"_links":{"self":[{"href":"https:\/\/www.ess-rv.de\/index.php?rest_route=\/wp\/v2\/posts\/638","targetHints":{"allow":["GET"]}}],"collection":[{"href":"https:\/\/www.ess-rv.de\/index.php?rest_route=\/wp\/v2\/posts"}],"about":[{"href":"https:\/\/www.ess-rv.de\/index.php?rest_route=\/wp\/v2\/types\/post"}],"author":[{"embeddable":true,"href":"https:\/\/www.ess-rv.de\/index.php?rest_route=\/wp\/v2\/users\/3"}],"replies":[{"embeddable":true,"href":"https:\/\/www.ess-rv.de\/index.php?rest_route=%2Fwp%2Fv2%2Fcomments&post=638"}],"version-history":[{"count":3,"href":"https:\/\/www.ess-rv.de\/index.php?rest_route=\/wp\/v2\/posts\/638\/revisions"}],"predecessor-version":[{"id":645,"href":"https:\/\/www.ess-rv.de\/index.php?rest_route=\/wp\/v2\/posts\/638\/revisions\/645"}],"wp:attachment":[{"href":"https:\/\/www.ess-rv.de\/index.php?rest_route=%2Fwp%2Fv2%2Fmedia&parent=638"}],"wp:term":[{"taxonomy":"category","embeddable":true,"href":"https:\/\/www.ess-rv.de\/index.php?rest_route=%2Fwp%2Fv2%2Fcategories&post=638"},{"taxonomy":"post_tag","embeddable":true,"href":"https:\/\/www.ess-rv.de\/index.php?rest_route=%2Fwp%2Fv2%2Ftags&post=638"}],"curies":[{"name":"wp","href":"https:\/\/api.w.org\/{rel}","templated":true}]}}