{"id":7316,"date":"2021-07-08T17:10:34","date_gmt":"2021-07-08T15:10:34","guid":{"rendered":"http:\/\/www.ess-rv.de\/?p=7316"},"modified":"2021-08-16T15:42:15","modified_gmt":"2021-08-16T13:42:15","slug":"juniorfirma-des-2bkh2-2","status":"publish","type":"post","link":"https:\/\/www.ess-rv.de\/?p=7316","title":{"rendered":"Juniorfirma des 2BKH2"},"content":{"rendered":"<h2 class=\"KopfTitel\">Die Klasse 2BKH2 spendet an Unesco-Projekt<\/h2>\n<p>Frau Kurzawa dankte am 27.04.2021 den Sch\u00fclern und Sch\u00fclerinnen der Klasse 2BKH2 und ihren betreuenden Lehrerinnen, Frau Linz, Frau R\u00fcck, Frau Vochezer und Frau W\u00f6llhaf f\u00fcr ihr tolles Engagement. Die schwierige Coronazeit im vergangenen Schuljahr nutzte die Klasse, um Masken zu n\u00e4hen und an Bed\u00fcrftige zu spenden. Als sich die Situation im Herbst entspannte, nutzte die Juniorfirma die Zeit um selbstproduziertes Weihnachtsgeb\u00e4ck und verschiedene Textilprodukte an Firmen, Lehrer und die Schulleitung zu verkaufen. Nachdr\u00fccklich wurde dabei Wert auf Zutaten aus der Region und aus fairem Handel gelegt.<\/p>\n<p><img loading=\"lazy\" decoding=\"async\" class=\"alignnone wp-image-7319 size-full\" src=\"http:\/\/www.ess-rv.de\/wp-content\/uploads\/2021\/07\/2021-07-08-Jufi.jpg\" alt=\"\" width=\"1445\" height=\"585\" srcset=\"https:\/\/www.ess-rv.de\/wp-content\/uploads\/2021\/07\/2021-07-08-Jufi.jpg 1445w, https:\/\/www.ess-rv.de\/wp-content\/uploads\/2021\/07\/2021-07-08-Jufi-300x121.jpg 300w, https:\/\/www.ess-rv.de\/wp-content\/uploads\/2021\/07\/2021-07-08-Jufi-1024x415.jpg 1024w, https:\/\/www.ess-rv.de\/wp-content\/uploads\/2021\/07\/2021-07-08-Jufi-768x311.jpg 768w\" sizes=\"auto, (max-width: 1445px) 100vw, 1445px\" \/><\/p>\n<p><!--more-->Besonders lobenswert ist, dass die Sch\u00fclerinnen und Sch\u00fcler in diesem Jahr auf einen Zuschuss zu einer Klassenaktivit\u00e4t verzichten und das gesamte erwirtschaftete Geld spenden. F\u00fcr ihren Einsatz erhielten die Sch\u00fclerinnen und Sch\u00fcler ein Zertifikat \u00fcber das Engagement in der Juniorfirma.<\/p>\n<p>Die Klasse 2BKH2 unterst\u00fctzt mit ihrer Spende von insgesamt 700 \u20ac zwei unserer <a href=\"http:\/\/www.ess-rv.de\/?page_id=39\">UNESCO-Partner-Projekte<\/a>. 350 \u20ac erh\u00e4lt eine Klasse Studentinnen in Namibia. Steps for children hat ein Schutzengel-Programm zur langfristigen Unterst\u00fctzung von Schulkindern bis zum Schulabschluss etabliert. Es beinhaltet neben der t\u00e4glichen Versorgung mit einer warmen Mahlzeit die Nachmittagsf\u00f6rderung im Projekt. Diese nachhaltige Unterst\u00fctzung hat Fr\u00fcchte getragen. So konnten 3 Sch\u00fclerinnen 2019 ihre Matrik (vergleichbar mit unserem Abitur) ablegen. Nun sind sie an der staatlich anerkannten Fortbildungsinstitution, um die Zulassung f\u00fcr ein Hochschul- bzw. Fachschulstudium zu erlangen. Dies zeigt, dass Investitionen in die Bildung nachhaltig wirken und dass es m\u00f6glich ist, Kindern aus Armensiedlungen, zu einer fundierten Ausbildung bis hin zu einem Studium zu erm\u00f6glichen. Hier setzt auch die diesj\u00e4hrige Spende an.<\/p>\n<p>Mit der zweiten Teilspende von 350 \u20ac k\u00f6nnen 5 Kinder an der Kasimudddin Anandalok Schule in Bangladesch ein ganzes Jahr lang die Schule besuchen. Konkret flie\u00dft das Geld z.B. in neue Lehrmaterialien, in die Ausstattung der Schule und in Geh\u00e4lter und Methoden-Fortbildungen f\u00fcr die Lehrkr\u00e4fte. Aktuell findet der Unterricht an der Partnerschule weiterhin in Kleingruppen unter freiem Himmel statt. Zus\u00e4tzlich werden &#8222;Gesundheitscamps&#8220; eingerichtet, um f\u00fcr die Hygiene und Gesundheit der Kinder und ihrer Familien zu sorgen. Die Lehrer*innen, Sch\u00fcler*innen und ihre Eltern bew\u00e4ltigen seit nunmehr einem Jahr immense Herausforderungen bei der Organisation des Unterrichts.<\/p>\n","protected":false},"excerpt":{"rendered":"<p>Die Klasse 2BKH2 spendet an Unesco-Projekt Frau Kurzawa dankte am 27.04.2021 den Sch\u00fclern und Sch\u00fclerinnen der Klasse 2BKH2 und ihren betreuenden Lehrerinnen, Frau Linz, Frau R\u00fcck, Frau Vochezer und Frau W\u00f6llhaf f\u00fcr ihr tolles Engagement. Die schwierige Coronazeit im vergangenen Schuljahr nutzte die Klasse, um Masken zu n\u00e4hen und an Bed\u00fcrftige zu spenden. Als sich &hellip; <a href=\"https:\/\/www.ess-rv.de\/?p=7316\" class=\"more-link\"><span class=\"screen-reader-text\">Juniorfirma des 2BKH2<\/span> weiterlesen <span class=\"meta-nav\">&rarr;<\/span><\/a><\/p>\n","protected":false},"author":3,"featured_media":0,"comment_status":"closed","ping_status":"closed","sticky":false,"template":"","format":"standard","meta":{"footnotes":"","_links_to":"","_links_to_target":""},"categories":[315,18,7,2,378,47,198],"tags":[456,77,50,412,49],"class_list":["post-7316","post","type-post","status-publish","format-standard","hentry","category-2bkh","category-ausserschulische-veranstaltung","category-berufskolleg","category-bildungsangebot","category-juniorfirma","category-soziales-engagement","category-standort-ravensburg","tag-2020-2021","tag-berufskolleg","tag-engagement","tag-juniorfirma","tag-ravensburg"],"_links":{"self":[{"href":"https:\/\/www.ess-rv.de\/index.php?rest_route=\/wp\/v2\/posts\/7316","targetHints":{"allow":["GET"]}}],"collection":[{"href":"https:\/\/www.ess-rv.de\/index.php?rest_route=\/wp\/v2\/posts"}],"about":[{"href":"https:\/\/www.ess-rv.de\/index.php?rest_route=\/wp\/v2\/types\/post"}],"author":[{"embeddable":true,"href":"https:\/\/www.ess-rv.de\/index.php?rest_route=\/wp\/v2\/users\/3"}],"replies":[{"embeddable":true,"href":"https:\/\/www.ess-rv.de\/index.php?rest_route=%2Fwp%2Fv2%2Fcomments&post=7316"}],"version-history":[{"count":7,"href":"https:\/\/www.ess-rv.de\/index.php?rest_route=\/wp\/v2\/posts\/7316\/revisions"}],"predecessor-version":[{"id":7324,"href":"https:\/\/www.ess-rv.de\/index.php?rest_route=\/wp\/v2\/posts\/7316\/revisions\/7324"}],"wp:attachment":[{"href":"https:\/\/www.ess-rv.de\/index.php?rest_route=%2Fwp%2Fv2%2Fmedia&parent=7316"}],"wp:term":[{"taxonomy":"category","embeddable":true,"href":"https:\/\/www.ess-rv.de\/index.php?rest_route=%2Fwp%2Fv2%2Fcategories&post=7316"},{"taxonomy":"post_tag","embeddable":true,"href":"https:\/\/www.ess-rv.de\/index.php?rest_route=%2Fwp%2Fv2%2Ftags&post=7316"}],"curies":[{"name":"wp","href":"https:\/\/api.w.org\/{rel}","templated":true}]}}