{"id":7365,"date":"2021-09-08T10:13:33","date_gmt":"2021-09-08T08:13:33","guid":{"rendered":"http:\/\/www.ess-rv.de\/?p=7365"},"modified":"2021-10-05T09:58:39","modified_gmt":"2021-10-05T07:58:39","slug":"7365","status":"publish","type":"post","link":"https:\/\/www.ess-rv.de\/?p=7365","title":{"rendered":""},"content":{"rendered":"<p><img loading=\"lazy\" decoding=\"async\" class=\"alignnone size-full wp-image-7369\" src=\"http:\/\/www.ess-rv.de\/wp-content\/uploads\/2021\/09\/dranbleiben-09.jpg\" alt=\"\" width=\"987\" height=\"283\" srcset=\"https:\/\/www.ess-rv.de\/wp-content\/uploads\/2021\/09\/dranbleiben-09.jpg 987w, https:\/\/www.ess-rv.de\/wp-content\/uploads\/2021\/09\/dranbleiben-09-300x86.jpg 300w, https:\/\/www.ess-rv.de\/wp-content\/uploads\/2021\/09\/dranbleiben-09-768x220.jpg 768w\" sizes=\"auto, (max-width: 987px) 100vw, 987px\" \/><\/p>\n<p>Impftermine im Kreisimpfzentrum k\u00f6nnen <a href=\"https:\/\/www.rv.de\/landkreis\/presseservice\/aktuelles+zum+coronavirus\/corona-impfung+im+landkreis+ravensburg\" target=\"_blank\" rel=\"noopener\">unkompliziert gebucht<\/a> werden und sind kurzfristig m\u00f6glich. Zum Beginn des neuen Schuljahres finden im Landkreis zudem <a href=\"https:\/\/www.rv.de\/landkreis\/presseservice\/aktuelles+zum+coronavirus\/corona-impfung+im+landkreis+ravensburg\" target=\"_blank\" rel=\"noopener\">viele Impfaktionen<\/a> statt.<!--more--><\/p>\n<p>Das Impfen ist weiterhin unser wichtigster Weg aus der Pandemie. Nur wenn sich ein Gro\u00dfteil der Impfberechtigten impfen l\u00e4sst, k\u00f6nnen wir auf einen sicheren Herbst hoffen. Denn klar ist: Die Pandemie ist noch nicht vorbei, das Virus macht keine Sommerpause. Um diese Herausforderung aber gemeinsam mit Erfolg zu meistern, sind wir auf Ihre Unterst\u00fctzung angewiesen. Sch\u00fctzen Sie sich selbst, sch\u00fctzen Sie Ihre Angeh\u00f6rigen und tragen Sie dazu dabei, Schulen und Kindertagesst\u00e4tten auch nach den Sommerferien regul\u00e4r im Pr\u00e4senzbetrieb offen zu halten.<\/p>\n<p>Weitere Informationen finden Sie auf <a href=\"https:\/\/www.dranbleiben-bw.de\/\" target=\"_blank\" rel=\"noopener\">www.dranbleiben-bw.de\/<\/a><\/p>\n","protected":false},"excerpt":{"rendered":"<p>Impftermine im Kreisimpfzentrum k\u00f6nnen unkompliziert gebucht werden und sind kurzfristig m\u00f6glich. Zum Beginn des neuen Schuljahres finden im Landkreis zudem viele Impfaktionen statt.<\/p>\n","protected":false},"author":3,"featured_media":0,"comment_status":"closed","ping_status":"closed","sticky":false,"template":"","format":"standard","meta":{"footnotes":"","_links_to":"","_links_to_target":""},"categories":[2],"tags":[],"class_list":["post-7365","post","type-post","status-publish","format-standard","hentry","category-bildungsangebot"],"_links":{"self":[{"href":"https:\/\/www.ess-rv.de\/index.php?rest_route=\/wp\/v2\/posts\/7365","targetHints":{"allow":["GET"]}}],"collection":[{"href":"https:\/\/www.ess-rv.de\/index.php?rest_route=\/wp\/v2\/posts"}],"about":[{"href":"https:\/\/www.ess-rv.de\/index.php?rest_route=\/wp\/v2\/types\/post"}],"author":[{"embeddable":true,"href":"https:\/\/www.ess-rv.de\/index.php?rest_route=\/wp\/v2\/users\/3"}],"replies":[{"embeddable":true,"href":"https:\/\/www.ess-rv.de\/index.php?rest_route=%2Fwp%2Fv2%2Fcomments&post=7365"}],"version-history":[{"count":6,"href":"https:\/\/www.ess-rv.de\/index.php?rest_route=\/wp\/v2\/posts\/7365\/revisions"}],"predecessor-version":[{"id":7415,"href":"https:\/\/www.ess-rv.de\/index.php?rest_route=\/wp\/v2\/posts\/7365\/revisions\/7415"}],"wp:attachment":[{"href":"https:\/\/www.ess-rv.de\/index.php?rest_route=%2Fwp%2Fv2%2Fmedia&parent=7365"}],"wp:term":[{"taxonomy":"category","embeddable":true,"href":"https:\/\/www.ess-rv.de\/index.php?rest_route=%2Fwp%2Fv2%2Fcategories&post=7365"},{"taxonomy":"post_tag","embeddable":true,"href":"https:\/\/www.ess-rv.de\/index.php?rest_route=%2Fwp%2Fv2%2Ftags&post=7365"}],"curies":[{"name":"wp","href":"https:\/\/api.w.org\/{rel}","templated":true}]}}