{"id":7460,"date":"2021-10-22T05:00:42","date_gmt":"2021-10-22T03:00:42","guid":{"rendered":"http:\/\/www.ess-rv.de\/?p=7460"},"modified":"2021-10-19T13:07:00","modified_gmt":"2021-10-19T11:07:00","slug":"exkursion-des-biotechnologischen-gymnasiums","status":"publish","type":"post","link":"https:\/\/www.ess-rv.de\/?p=7460","title":{"rendered":"Exkursion des Biotechnologischen Gymnasiums"},"content":{"rendered":"<h2 class=\"KopfTitel\">BTG1 besucht Ausstellung und Universit\u00e4t in Konstanz<\/h2>\n<div id='gallery-1' class='gallery galleryid-7460 gallery-columns-3 gallery-size-thumbnail'><figure class='gallery-item'>\n\t\t\t<div class='gallery-icon landscape'>\n\t\t\t\t<a href='https:\/\/www.ess-rv.de\/wp-content\/uploads\/2021\/10\/2021-10-19-mvimg_20210929_113931-1024.jpg'><img loading=\"lazy\" decoding=\"async\" width=\"215\" height=\"215\" src=\"https:\/\/www.ess-rv.de\/wp-content\/uploads\/2021\/10\/2021-10-19-mvimg_20210929_113931-1024-215x215.jpg\" class=\"attachment-thumbnail size-thumbnail\" alt=\"\" \/><\/a>\n\t\t\t<\/div><\/figure><figure class='gallery-item'>\n\t\t\t<div class='gallery-icon landscape'>\n\t\t\t\t<a href='https:\/\/www.ess-rv.de\/wp-content\/uploads\/2021\/10\/2021-10-19-mvimg_20210929_113051-1024.jpg'><img loading=\"lazy\" decoding=\"async\" width=\"215\" height=\"215\" src=\"https:\/\/www.ess-rv.de\/wp-content\/uploads\/2021\/10\/2021-10-19-mvimg_20210929_113051-1024-215x215.jpg\" class=\"attachment-thumbnail size-thumbnail\" alt=\"\" \/><\/a>\n\t\t\t<\/div><\/figure><figure class='gallery-item'>\n\t\t\t<div class='gallery-icon landscape'>\n\t\t\t\t<a href='https:\/\/www.ess-rv.de\/wp-content\/uploads\/2021\/10\/2021-10-19-mvimg_20210929_113041-1024.jpg'><img loading=\"lazy\" decoding=\"async\" width=\"215\" height=\"215\" src=\"https:\/\/www.ess-rv.de\/wp-content\/uploads\/2021\/10\/2021-10-19-mvimg_20210929_113041-1024-215x215.jpg\" class=\"attachment-thumbnail size-thumbnail\" alt=\"\" \/><\/a>\n\t\t\t<\/div><\/figure>\n\t\t<\/div>\n\n<p>Die Jahrgangsstufe 1 des Biotechnologischen Gymnasiums besuchte die Ausstellung <a href=\"https:\/\/stayin-alive.info\/\" target=\"_blank\" title=\"Ausstellung Stayin Alive\" rel=\"noopener\">&#8222;Stayin&#8216; Alive&#8220;<\/a>. Die Ausstellung im Turm zur Katz in Konstanz wurde von Studierenden der Hochschule und der Universit\u00e4t Konstanz konzipiert. Auf den vier Stockwerken des Turms wurden die Aspekte von historischen und aktuellen Pandemien dargestellt &#8211; und das digital, multimedial und inhaltlich hervorragend und faszinierend. <!--more-->Letztendlich waren zwei Stunden viel zu kurz angesetzt.<\/p>\n<p>Im Anschluss schnupperte das BTG1 Universit\u00e4tsluft mit Seeblick. Nach einer St\u00e4rkung in der Mensa erhielten wir von der <a href=\"https:\/\/www.uni-konstanz.de\/studieren\/beratung-und-service\/zentrale-studienberatung\/\" target=\"_blank\" title=\"ZSB Konstanz\" rel=\"noopener\">Zentralen Studienberatung<\/a> eine F\u00fchrung \u00fcber den Campus und ein paar wichtige Informationen zum Studium in Konstanz.<\/p>\n<p>Und nat\u00fcrlich konnten wir die Zeit auch nutzen f\u00fcrs  gegenseitige Kennenlernen und Gespr\u00e4che &#8211; manche auch f\u00fcr ein schnelles Bummeln und Shoppen in der Innenstadt von Konstanz.<\/p>\n","protected":false},"excerpt":{"rendered":"<p>BTG1 besucht Ausstellung und Universit\u00e4t in Konstanz Die Jahrgangsstufe 1 des Biotechnologischen Gymnasiums besuchte die Ausstellung &#8222;Stayin&#8216; Alive&#8220;. Die Ausstellung im Turm zur Katz in Konstanz wurde von Studierenden der Hochschule und der Universit\u00e4t Konstanz konzipiert. Auf den vier Stockwerken des Turms wurden die Aspekte von historischen und aktuellen Pandemien dargestellt &#8211; und das digital, &hellip; <a href=\"https:\/\/www.ess-rv.de\/?p=7460\" class=\"more-link\"><span class=\"screen-reader-text\">Exkursion des Biotechnologischen Gymnasiums<\/span> weiterlesen <span class=\"meta-nav\">&rarr;<\/span><\/a><\/p>\n","protected":false},"author":3,"featured_media":0,"comment_status":"closed","ping_status":"closed","sticky":false,"template":"","format":"standard","meta":{"footnotes":"","_links_to":"","_links_to_target":""},"categories":[18,29,2,200,190,156,198],"tags":[461,416,148,254,160,49,303],"class_list":["post-7460","post","type-post","status-publish","format-standard","hentry","category-ausserschulische-veranstaltung","category-berufliche-gymnasien","category-bildungsangebot","category-btg","category-exkursion","category-klassenfahrt","category-standort-ravensburg","tag-2021-2022","tag-aus-dem-unterricht","tag-berufliche-gymnasien","tag-exkursion","tag-klassenfahrt","tag-ravensburg","tag-studienfahrt"],"_links":{"self":[{"href":"https:\/\/www.ess-rv.de\/index.php?rest_route=\/wp\/v2\/posts\/7460","targetHints":{"allow":["GET"]}}],"collection":[{"href":"https:\/\/www.ess-rv.de\/index.php?rest_route=\/wp\/v2\/posts"}],"about":[{"href":"https:\/\/www.ess-rv.de\/index.php?rest_route=\/wp\/v2\/types\/post"}],"author":[{"embeddable":true,"href":"https:\/\/www.ess-rv.de\/index.php?rest_route=\/wp\/v2\/users\/3"}],"replies":[{"embeddable":true,"href":"https:\/\/www.ess-rv.de\/index.php?rest_route=%2Fwp%2Fv2%2Fcomments&post=7460"}],"version-history":[{"count":7,"href":"https:\/\/www.ess-rv.de\/index.php?rest_route=\/wp\/v2\/posts\/7460\/revisions"}],"predecessor-version":[{"id":7473,"href":"https:\/\/www.ess-rv.de\/index.php?rest_route=\/wp\/v2\/posts\/7460\/revisions\/7473"}],"wp:attachment":[{"href":"https:\/\/www.ess-rv.de\/index.php?rest_route=%2Fwp%2Fv2%2Fmedia&parent=7460"}],"wp:term":[{"taxonomy":"category","embeddable":true,"href":"https:\/\/www.ess-rv.de\/index.php?rest_route=%2Fwp%2Fv2%2Fcategories&post=7460"},{"taxonomy":"post_tag","embeddable":true,"href":"https:\/\/www.ess-rv.de\/index.php?rest_route=%2Fwp%2Fv2%2Ftags&post=7460"}],"curies":[{"name":"wp","href":"https:\/\/api.w.org\/{rel}","templated":true}]}}