{"id":7477,"date":"2021-11-15T08:34:15","date_gmt":"2021-11-15T07:34:15","guid":{"rendered":"http:\/\/www.ess-rv.de\/?p=7477"},"modified":"2021-11-15T08:34:44","modified_gmt":"2021-11-15T07:34:44","slug":"kennenlerntag-in-den-eingangsklassen","status":"publish","type":"post","link":"https:\/\/www.ess-rv.de\/?p=7477","title":{"rendered":"Kennenlerntag in den Eingangsklassen"},"content":{"rendered":"<h2 class=\"KopfTitel\">\nDas SGE\/1 in der Dobelm\u00fchle<br \/>\n<\/h2>\n<p><a href=\"http:\/\/www.ess-rv.de\/wp-content\/uploads\/2021\/11\/2021-11-15-p1060670-1024.jpg\"><img loading=\"lazy\" decoding=\"async\" src=\"http:\/\/www.ess-rv.de\/wp-content\/uploads\/2021\/11\/2021-11-15-p1060670-1024-300x225.jpg\" alt=\"\" width=\"300\" height=\"225\" class=\"alignright size-medium wp-image-7478\" srcset=\"https:\/\/www.ess-rv.de\/wp-content\/uploads\/2021\/11\/2021-11-15-p1060670-1024-300x225.jpg 300w, https:\/\/www.ess-rv.de\/wp-content\/uploads\/2021\/11\/2021-11-15-p1060670-1024-768x576.jpg 768w, https:\/\/www.ess-rv.de\/wp-content\/uploads\/2021\/11\/2021-11-15-p1060670-1024.jpg 1024w\" sizes=\"auto, (max-width: 300px) 100vw, 300px\" \/><\/a>Sich besser kennen lernen und die Klassengemeinschaft st\u00e4rken &#8211; dies konnten wir bei unserem Kennenlerntag in der Dobelm\u00fchle in Aulendorf. Obwohl wir leider nur einen Tag bleiben konnten und trotz des kalten Wetters am Morgen hatten wir viel Spa\u00df im Hochseilgarten und bei den Teamspielen am Mittag wurde uns wieder sch\u00f6n warm.<\/p>\n","protected":false},"excerpt":{"rendered":"<p>Das SGE\/1 in der Dobelm\u00fchle Sich besser kennen lernen und die Klassengemeinschaft st\u00e4rken &#8211; dies konnten wir bei unserem Kennenlerntag in der Dobelm\u00fchle in Aulendorf. Obwohl wir leider nur einen Tag bleiben konnten und trotz des kalten Wetters am Morgen hatten wir viel Spa\u00df im Hochseilgarten und bei den Teamspielen am Mittag wurde uns wieder &hellip; <a href=\"https:\/\/www.ess-rv.de\/?p=7477\" class=\"more-link\"><span class=\"screen-reader-text\">Kennenlerntag in den Eingangsklassen<\/span> weiterlesen <span class=\"meta-nav\">&rarr;<\/span><\/a><\/p>\n","protected":false},"author":3,"featured_media":0,"comment_status":"closed","ping_status":"closed","sticky":false,"template":"","format":"standard","meta":{"footnotes":"","_links_to":"","_links_to_target":""},"categories":[18,29,2,117,190,156,203,47],"tags":[461,148,118,254,49,191],"class_list":["post-7477","post","type-post","status-publish","format-standard","hentry","category-ausserschulische-veranstaltung","category-berufliche-gymnasien","category-bildungsangebot","category-erlebnispaedagogik","category-exkursion","category-klassenfahrt","category-sg","category-soziales-engagement","tag-2021-2022","tag-berufliche-gymnasien","tag-erlebnispaedagogik","tag-exkursion","tag-ravensburg","tag-sg"],"_links":{"self":[{"href":"https:\/\/www.ess-rv.de\/index.php?rest_route=\/wp\/v2\/posts\/7477","targetHints":{"allow":["GET"]}}],"collection":[{"href":"https:\/\/www.ess-rv.de\/index.php?rest_route=\/wp\/v2\/posts"}],"about":[{"href":"https:\/\/www.ess-rv.de\/index.php?rest_route=\/wp\/v2\/types\/post"}],"author":[{"embeddable":true,"href":"https:\/\/www.ess-rv.de\/index.php?rest_route=\/wp\/v2\/users\/3"}],"replies":[{"embeddable":true,"href":"https:\/\/www.ess-rv.de\/index.php?rest_route=%2Fwp%2Fv2%2Fcomments&post=7477"}],"version-history":[{"count":4,"href":"https:\/\/www.ess-rv.de\/index.php?rest_route=\/wp\/v2\/posts\/7477\/revisions"}],"predecessor-version":[{"id":7482,"href":"https:\/\/www.ess-rv.de\/index.php?rest_route=\/wp\/v2\/posts\/7477\/revisions\/7482"}],"wp:attachment":[{"href":"https:\/\/www.ess-rv.de\/index.php?rest_route=%2Fwp%2Fv2%2Fmedia&parent=7477"}],"wp:term":[{"taxonomy":"category","embeddable":true,"href":"https:\/\/www.ess-rv.de\/index.php?rest_route=%2Fwp%2Fv2%2Fcategories&post=7477"},{"taxonomy":"post_tag","embeddable":true,"href":"https:\/\/www.ess-rv.de\/index.php?rest_route=%2Fwp%2Fv2%2Ftags&post=7477"}],"curies":[{"name":"wp","href":"https:\/\/api.w.org\/{rel}","templated":true}]}}