{"id":7539,"date":"2021-11-30T08:39:15","date_gmt":"2021-11-30T07:39:15","guid":{"rendered":"http:\/\/www.ess-rv.de\/?p=7539"},"modified":"2021-11-30T09:14:48","modified_gmt":"2021-11-30T08:14:48","slug":"baumpflanzung-des-kinderregenwaldteams-2","status":"publish","type":"post","link":"https:\/\/www.ess-rv.de\/?p=7539","title":{"rendered":"Baumpflanzung des Kinderregenwaldteams"},"content":{"rendered":"<h2 class=\"KopfTitel\">Pflanzpause beendet!<\/h2>\n<p><div id='gallery-1' class='gallery galleryid-7539 gallery-columns-3 gallery-size-thumbnail'><figure class='gallery-item'>\n\t\t\t<div class='gallery-icon landscape'>\n\t\t\t\t<a href='https:\/\/www.ess-rv.de\/wp-content\/uploads\/2021\/11\/2021-11-30-im-morgennebel-1024.jpg'><img loading=\"lazy\" decoding=\"async\" width=\"215\" height=\"215\" src=\"https:\/\/www.ess-rv.de\/wp-content\/uploads\/2021\/11\/2021-11-30-im-morgennebel-1024-215x215.jpg\" class=\"attachment-thumbnail size-thumbnail\" alt=\"\" \/><\/a>\n\t\t\t<\/div><\/figure><figure class='gallery-item'>\n\t\t\t<div class='gallery-icon landscape'>\n\t\t\t\t<a href='https:\/\/www.ess-rv.de\/wp-content\/uploads\/2021\/11\/2021-11-30-beim-pflanzen-1024.jpg'><img loading=\"lazy\" decoding=\"async\" width=\"215\" height=\"215\" src=\"https:\/\/www.ess-rv.de\/wp-content\/uploads\/2021\/11\/2021-11-30-beim-pflanzen-1024-215x215.jpg\" class=\"attachment-thumbnail size-thumbnail\" alt=\"\" \/><\/a>\n\t\t\t<\/div><\/figure><figure class='gallery-item'>\n\t\t\t<div class='gallery-icon landscape'>\n\t\t\t\t<a href='https:\/\/www.ess-rv.de\/wp-content\/uploads\/2021\/11\/2021-11-30-nach-getaner-arbeit-1024.jpg'><img loading=\"lazy\" decoding=\"async\" width=\"215\" height=\"215\" src=\"https:\/\/www.ess-rv.de\/wp-content\/uploads\/2021\/11\/2021-11-30-nach-getaner-arbeit-1024-215x215.jpg\" class=\"attachment-thumbnail size-thumbnail\" alt=\"\" \/><\/a>\n\t\t\t<\/div><\/figure>\n\t\t<\/div>\nAm 12. November machte sich die SGE1 auf nach Guggenhausen-Bauhof, um Streuobst-Hochst\u00e4mme zu pflanzen. Im morgendlichen Nebel ging es los: zuerst zeigte und erkl\u00e4rte uns Ulrich Miller vom BUND, wie man die B\u00e4ume richtig setzt: Pfahl ins Pflanzloch rammen, W\u00fchlmausgitter rein, ein wenig auff\u00fcllen, Baum gerade halten, Veredelungsstelle nicht miteingraben, alles auff\u00fcllen, Baum anbinden. 20 B\u00e4ume sp\u00e4ter und teils recht ermattet genossen wir in der Herbstsonne ein leckeres Vesper. Herzlichen Dank, liebe Eingangsklasse &#8211; und herzlichen Dank an den Natur- und Umweltfonds der Kreissparkasse Ravensburg, der die Baumpflanzungen finanziert. (Das war unsere 78. Pflanzung mit Baum Nr. 2087 im und um das Schussental.) <\/p>\n","protected":false},"excerpt":{"rendered":"<p>Pflanzpause beendet! Am 12. November machte sich die SGE1 auf nach Guggenhausen-Bauhof, um Streuobst-Hochst\u00e4mme zu pflanzen. Im morgendlichen Nebel ging es los: zuerst zeigte und erkl\u00e4rte uns Ulrich Miller vom BUND, wie man die B\u00e4ume richtig setzt: Pfahl ins Pflanzloch rammen, W\u00fchlmausgitter rein, ein wenig auff\u00fcllen, Baum gerade halten, Veredelungsstelle nicht miteingraben, alles auff\u00fcllen, Baum &hellip; <a href=\"https:\/\/www.ess-rv.de\/?p=7539\" class=\"more-link\"><span class=\"screen-reader-text\">Baumpflanzung des Kinderregenwaldteams<\/span> weiterlesen <span class=\"meta-nav\">&rarr;<\/span><\/a><\/p>\n","protected":false},"author":3,"featured_media":0,"comment_status":"closed","ping_status":"closed","sticky":false,"template":"","format":"standard","meta":{"footnotes":"","_links_to":"","_links_to_target":""},"categories":[18,109,29,203,108],"tags":[461,148,50,110,49,137],"class_list":["post-7539","post","type-post","status-publish","format-standard","hentry","category-ausserschulische-veranstaltung","category-baumpflanzung","category-berufliche-gymnasien","category-sg","category-umweltschutz","tag-2021-2022","tag-berufliche-gymnasien","tag-engagement","tag-kinderregenwald","tag-ravensburg","tag-umweltschutz"],"_links":{"self":[{"href":"https:\/\/www.ess-rv.de\/index.php?rest_route=\/wp\/v2\/posts\/7539","targetHints":{"allow":["GET"]}}],"collection":[{"href":"https:\/\/www.ess-rv.de\/index.php?rest_route=\/wp\/v2\/posts"}],"about":[{"href":"https:\/\/www.ess-rv.de\/index.php?rest_route=\/wp\/v2\/types\/post"}],"author":[{"embeddable":true,"href":"https:\/\/www.ess-rv.de\/index.php?rest_route=\/wp\/v2\/users\/3"}],"replies":[{"embeddable":true,"href":"https:\/\/www.ess-rv.de\/index.php?rest_route=%2Fwp%2Fv2%2Fcomments&post=7539"}],"version-history":[{"count":3,"href":"https:\/\/www.ess-rv.de\/index.php?rest_route=\/wp\/v2\/posts\/7539\/revisions"}],"predecessor-version":[{"id":7545,"href":"https:\/\/www.ess-rv.de\/index.php?rest_route=\/wp\/v2\/posts\/7539\/revisions\/7545"}],"wp:attachment":[{"href":"https:\/\/www.ess-rv.de\/index.php?rest_route=%2Fwp%2Fv2%2Fmedia&parent=7539"}],"wp:term":[{"taxonomy":"category","embeddable":true,"href":"https:\/\/www.ess-rv.de\/index.php?rest_route=%2Fwp%2Fv2%2Fcategories&post=7539"},{"taxonomy":"post_tag","embeddable":true,"href":"https:\/\/www.ess-rv.de\/index.php?rest_route=%2Fwp%2Fv2%2Ftags&post=7539"}],"curies":[{"name":"wp","href":"https:\/\/api.w.org\/{rel}","templated":true}]}}