{"id":7568,"date":"2021-12-07T05:14:14","date_gmt":"2021-12-07T04:14:14","guid":{"rendered":"http:\/\/www.ess-rv.de\/?p=7568"},"modified":"2021-12-03T16:21:17","modified_gmt":"2021-12-03T15:21:17","slug":"tag-gegen-gewalt-an-frauen","status":"publish","type":"post","link":"https:\/\/www.ess-rv.de\/?p=7568","title":{"rendered":"Tag gegen Gewalt an Frauen"},"content":{"rendered":"<h2 class=\"KopfTitel\">\u201cOrange Day\u201c an der Edith-Stein-Schule<\/h2>\n<p><a href=\"http:\/\/www.ess-rv.de\/wp-content\/uploads\/2021\/12\/2021-12-03-img-20211125-wa0009-1024.jpg\"><img loading=\"lazy\" decoding=\"async\" src=\"http:\/\/www.ess-rv.de\/wp-content\/uploads\/2021\/12\/2021-12-03-img-20211125-wa0009-1024-225x300.jpg\" alt=\"\" width=\"225\" height=\"300\" class=\"alignright size-medium wp-image-7570\" srcset=\"https:\/\/www.ess-rv.de\/wp-content\/uploads\/2021\/12\/2021-12-03-img-20211125-wa0009-1024-225x300.jpg 225w, https:\/\/www.ess-rv.de\/wp-content\/uploads\/2021\/12\/2021-12-03-img-20211125-wa0009-1024.jpg 768w\" sizes=\"auto, (max-width: 225px) 100vw, 225px\" \/><\/a>Mit einer Plakatieraktion orangener Kreise, die Sch\u00fclerinnen und Sch\u00fcler der AV1 an zentralen Stellen im Schulhaus angebracht haben, beteiligt sich unsere Schule an der Solidarit\u00e4ts- und Sensibilisierungsaktion \u201eOrange Day \u2013 gegen Gewalt an Frauen\u201c. Nach einer anregenden Diskussion \u00fcber das Thema Gewalt mit einer der Ravensburger Initiatorin der Initiative wollen wir zum Tag der Gewalt an Frauen (25. November) Betroffenheit bekunden und Gewaltstrukturen gar nicht erst entstehen lassen. Wer Gewalt aus\u00fcbt verletzt gegen Menschenrechte \u2013 auch in Familie und Partnerschaft!<\/p>\n","protected":false},"excerpt":{"rendered":"<p>\u201cOrange Day\u201c an der Edith-Stein-Schule Mit einer Plakatieraktion orangener Kreise, die Sch\u00fclerinnen und Sch\u00fcler der AV1 an zentralen Stellen im Schulhaus angebracht haben, beteiligt sich unsere Schule an der Solidarit\u00e4ts- und Sensibilisierungsaktion \u201eOrange Day \u2013 gegen Gewalt an Frauen\u201c. Nach einer anregenden Diskussion \u00fcber das Thema Gewalt mit einer der Ravensburger Initiatorin der Initiative wollen &hellip; <a href=\"https:\/\/www.ess-rv.de\/?p=7568\" class=\"more-link\"><span class=\"screen-reader-text\">Tag gegen Gewalt an Frauen<\/span> weiterlesen <span class=\"meta-nav\">&rarr;<\/span><\/a><\/p>\n","protected":false},"author":3,"featured_media":0,"comment_status":"closed","ping_status":"closed","sticky":false,"template":"","format":"standard","meta":{"footnotes":"","_links_to":"","_links_to_target":""},"categories":[18,457,2,47,198],"tags":[461,416,458,50,466,49,84],"class_list":["post-7568","post","type-post","status-publish","format-standard","hentry","category-ausserschulische-veranstaltung","category-avdual","category-bildungsangebot","category-soziales-engagement","category-standort-ravensburg","tag-2021-2022","tag-aus-dem-unterricht","tag-avdual","tag-engagement","tag-praevention","tag-ravensburg","tag-unesco"],"_links":{"self":[{"href":"https:\/\/www.ess-rv.de\/index.php?rest_route=\/wp\/v2\/posts\/7568","targetHints":{"allow":["GET"]}}],"collection":[{"href":"https:\/\/www.ess-rv.de\/index.php?rest_route=\/wp\/v2\/posts"}],"about":[{"href":"https:\/\/www.ess-rv.de\/index.php?rest_route=\/wp\/v2\/types\/post"}],"author":[{"embeddable":true,"href":"https:\/\/www.ess-rv.de\/index.php?rest_route=\/wp\/v2\/users\/3"}],"replies":[{"embeddable":true,"href":"https:\/\/www.ess-rv.de\/index.php?rest_route=%2Fwp%2Fv2%2Fcomments&post=7568"}],"version-history":[{"count":4,"href":"https:\/\/www.ess-rv.de\/index.php?rest_route=\/wp\/v2\/posts\/7568\/revisions"}],"predecessor-version":[{"id":7572,"href":"https:\/\/www.ess-rv.de\/index.php?rest_route=\/wp\/v2\/posts\/7568\/revisions\/7572"}],"wp:attachment":[{"href":"https:\/\/www.ess-rv.de\/index.php?rest_route=%2Fwp%2Fv2%2Fmedia&parent=7568"}],"wp:term":[{"taxonomy":"category","embeddable":true,"href":"https:\/\/www.ess-rv.de\/index.php?rest_route=%2Fwp%2Fv2%2Fcategories&post=7568"},{"taxonomy":"post_tag","embeddable":true,"href":"https:\/\/www.ess-rv.de\/index.php?rest_route=%2Fwp%2Fv2%2Ftags&post=7568"}],"curies":[{"name":"wp","href":"https:\/\/api.w.org\/{rel}","templated":true}]}}