{"id":7720,"date":"2022-02-17T21:05:42","date_gmt":"2022-02-17T20:05:42","guid":{"rendered":"http:\/\/www.ess-rv.de\/?p=7720"},"modified":"2022-02-17T21:06:03","modified_gmt":"2022-02-17T20:06:03","slug":"verkehrssicherheitswoche-in-aulendorf","status":"publish","type":"post","link":"https:\/\/www.ess-rv.de\/?p=7720","title":{"rendered":"Verkehrssicherheitswoche in Aulendorf"},"content":{"rendered":"<div id='gallery-1' class='gallery galleryid-7720 gallery-columns-3 gallery-size-thumbnail'><figure class='gallery-item'>\n\t\t\t<div class='gallery-icon landscape'>\n\t\t\t\t<a href='https:\/\/www.ess-rv.de\/wp-content\/uploads\/2022\/02\/20220204_103548.jpg'><img loading=\"lazy\" decoding=\"async\" width=\"215\" height=\"215\" src=\"https:\/\/www.ess-rv.de\/wp-content\/uploads\/2022\/02\/20220204_103548-215x215.jpg\" class=\"attachment-thumbnail size-thumbnail\" alt=\"\" \/><\/a>\n\t\t\t<\/div><\/figure><figure class='gallery-item'>\n\t\t\t<div class='gallery-icon landscape'>\n\t\t\t\t<a href='https:\/\/www.ess-rv.de\/wp-content\/uploads\/2022\/02\/20220204_101223.jpg'><img loading=\"lazy\" decoding=\"async\" width=\"215\" height=\"215\" src=\"https:\/\/www.ess-rv.de\/wp-content\/uploads\/2022\/02\/20220204_101223-215x215.jpg\" class=\"attachment-thumbnail size-thumbnail\" alt=\"\" \/><\/a>\n\t\t\t<\/div><\/figure><figure class='gallery-item'>\n\t\t\t<div class='gallery-icon landscape'>\n\t\t\t\t<a href='https:\/\/www.ess-rv.de\/wp-content\/uploads\/2022\/02\/20220204_103738.jpg'><img loading=\"lazy\" decoding=\"async\" width=\"215\" height=\"215\" src=\"https:\/\/www.ess-rv.de\/wp-content\/uploads\/2022\/02\/20220204_103738-215x215.jpg\" class=\"attachment-thumbnail size-thumbnail\" alt=\"\" \/><\/a>\n\t\t\t<\/div><\/figure>\n\t\t<\/div>\n\n<p>Die Polizei Weingarten und die Kreisverkehrswacht Ravensburg haben dieses Schuljahr wieder eine Verkehrssicherheitswoche an unserem Standort Aulendorf veranstaltet. Wir konnten die Sch\u00fclerinnen und Sch\u00fcler aus 38 Klassen \u00fcber Risiken und Gefahren im t\u00e4glichen Stra\u00dfenverkehr informieren. Viele von ihnen haben bereits Unf\u00e4lle gesehen oder erlebt, haben sie doch oftmals eine gro\u00dfe Anreise mit dem Auto und Fahrgemeinschaften.<!--more--><\/p>\n<p>Schwerpunkte waren die Themen Alkohol, Drogen und Ablenkungen w\u00e4hrend der Fahrt (etwa durch Handynutzung oder Mitfahrer). Neben Vortr\u00e4gen aus erster Hand von Polizisten konnten die Sch\u00fclerinnen und Sch\u00fcler auch im Rauschbrillen-Parcours praktisch erfahren, wie Alkohol die Sinne vernebelt oder am Fahrsimulator erleben, wenn die Geschwindigkeit in unverhergesehenen Situationen nicht kontrollierbar ist.<\/p>\n<p>Herzlichen Dank an die Polizei, die Kreisverkehrswacht und die hochmotivierten Sch\u00fclerinnen und Sch\u00fcler.<\/p>\n","protected":false},"excerpt":{"rendered":"<p>Die Polizei Weingarten und die Kreisverkehrswacht Ravensburg haben dieses Schuljahr wieder eine Verkehrssicherheitswoche an unserem Standort Aulendorf veranstaltet. Wir konnten die Sch\u00fclerinnen und Sch\u00fcler aus 38 Klassen \u00fcber Risiken und Gefahren im t\u00e4glichen Stra\u00dfenverkehr informieren. Viele von ihnen haben bereits Unf\u00e4lle gesehen oder erlebt, haben sie doch oftmals eine gro\u00dfe Anreise mit dem Auto und &hellip; <a href=\"https:\/\/www.ess-rv.de\/?p=7720\" class=\"more-link\"><span class=\"screen-reader-text\">Verkehrssicherheitswoche in Aulendorf<\/span> weiterlesen <span class=\"meta-nav\">&rarr;<\/span><\/a><\/p>\n","protected":false},"author":3,"featured_media":0,"comment_status":"closed","ping_status":"closed","sticky":false,"template":"","format":"standard","meta":{"footnotes":"","_links_to":"","_links_to_target":""},"categories":[18,40,2,236,237,227,197,238,219],"tags":[461,70,54,466,67],"class_list":["post-7720","post","type-post","status-publish","format-standard","hentry","category-ausserschulische-veranstaltung","category-berufsschule","category-bildungsangebot","category-gk","category-mf","category-pka","category-standort-aulendorf","category-tf","category-zf","tag-2021-2022","tag-aulendorf","tag-berufsschule","tag-praevention","tag-projekt"],"_links":{"self":[{"href":"https:\/\/www.ess-rv.de\/index.php?rest_route=\/wp\/v2\/posts\/7720","targetHints":{"allow":["GET"]}}],"collection":[{"href":"https:\/\/www.ess-rv.de\/index.php?rest_route=\/wp\/v2\/posts"}],"about":[{"href":"https:\/\/www.ess-rv.de\/index.php?rest_route=\/wp\/v2\/types\/post"}],"author":[{"embeddable":true,"href":"https:\/\/www.ess-rv.de\/index.php?rest_route=\/wp\/v2\/users\/3"}],"replies":[{"embeddable":true,"href":"https:\/\/www.ess-rv.de\/index.php?rest_route=%2Fwp%2Fv2%2Fcomments&post=7720"}],"version-history":[{"count":3,"href":"https:\/\/www.ess-rv.de\/index.php?rest_route=\/wp\/v2\/posts\/7720\/revisions"}],"predecessor-version":[{"id":7726,"href":"https:\/\/www.ess-rv.de\/index.php?rest_route=\/wp\/v2\/posts\/7720\/revisions\/7726"}],"wp:attachment":[{"href":"https:\/\/www.ess-rv.de\/index.php?rest_route=%2Fwp%2Fv2%2Fmedia&parent=7720"}],"wp:term":[{"taxonomy":"category","embeddable":true,"href":"https:\/\/www.ess-rv.de\/index.php?rest_route=%2Fwp%2Fv2%2Fcategories&post=7720"},{"taxonomy":"post_tag","embeddable":true,"href":"https:\/\/www.ess-rv.de\/index.php?rest_route=%2Fwp%2Fv2%2Ftags&post=7720"}],"curies":[{"name":"wp","href":"https:\/\/api.w.org\/{rel}","templated":true}]}}