{"id":7727,"date":"2022-02-21T10:18:00","date_gmt":"2022-02-21T09:18:00","guid":{"rendered":"http:\/\/www.ess-rv.de\/?p=7727"},"modified":"2022-02-23T08:10:04","modified_gmt":"2022-02-23T07:10:04","slug":"regionalwettbewerb-jugend-forscht-2022","status":"publish","type":"post","link":"https:\/\/www.ess-rv.de\/?p=7727","title":{"rendered":"Regionalwettbewerb Jugend forscht 2022"},"content":{"rendered":"<h2 class=\"KopfTitel\">\nZwei Jungforscherinnenteams der Edith-Stein-Schule erfolgreich<br \/>\n<\/h2>\n<p><a href=\"http:\/\/www.ess-rv.de\/wp-content\/uploads\/2022\/02\/2022-02-21-45e8273470da4cad0005ea00002d30d1-1024.jpg\"><img loading=\"lazy\" decoding=\"async\" src=\"http:\/\/www.ess-rv.de\/wp-content\/uploads\/2022\/02\/2022-02-21-45e8273470da4cad0005ea00002d30d1-1024.jpg\" alt=\"\" width=\"1024\" height=\"768\" class=\"aligncenter size-full wp-image-7729\" srcset=\"https:\/\/www.ess-rv.de\/wp-content\/uploads\/2022\/02\/2022-02-21-45e8273470da4cad0005ea00002d30d1-1024.jpg 1024w, https:\/\/www.ess-rv.de\/wp-content\/uploads\/2022\/02\/2022-02-21-45e8273470da4cad0005ea00002d30d1-1024-300x225.jpg 300w, https:\/\/www.ess-rv.de\/wp-content\/uploads\/2022\/02\/2022-02-21-45e8273470da4cad0005ea00002d30d1-1024-768x576.jpg 768w\" sizes=\"auto, (max-width: 1024px) 100vw, 1024px\" \/><\/a><\/p>\n<p>Unter dem Motto &#8222;Zuf\u00e4llig genial?&#8220; steht der diesj\u00e4hrige Wettbewerb Jugend forscht. Sechs Sch\u00fclerinnen des Biotechnologischen Gymnasiums der Edith-Stein-Schule Ravensburg &#038; Aulendorf erreichten verdienterma\u00dfen den ersten und den dritten Platz in der Sparte Biologie und den Sonderpreis Ressourceneffizienz. Sie pr\u00e4sentierten ihre Forschungsprojekte, an denen Sie fast zwei Schuljahre gearbeitet haben, beim 57. Regionalwettbewerb in Friedrichshafen am 17.02.2022. F\u00fcr die erstplatzierten Jungforscherinnen geht es nun weiter zum Landeswettbewerb.<!--more--><\/p>\n<p>Den ersten Platz gewannen die Sch\u00fclerinnen Luisa Baur, Marlena Frick und Emma Junker. Im Zentrum Ihres Forschungsprojektes \u201eHeimischer Apfelsaft \u2013 Genuss oder Verdruss? stand der Schimmelpilz Byssochlamys fulva, der ein Problem in der Apfeldirektsaftherstellung darstellt. Die praxis\u00fcblichen Pasteurisierungsmethoden k\u00f6nnen das Wachstum der Pilzsporen nicht g\u00e4nzlich verhindern. Die Jungforscherinnen untersuchten Behandlungsmethoden, die in einer mobilen Saftpresse f\u00fcr eine praxisorientierten Abt\u00f6tung der Pilzsporen zum Einsatz kommen k\u00f6nnten. Unter anderem konnten die drei zeigen, dass die Behandlung mit Hitze, Ultraschall, K\u00e4lte und UV-Lichtbehandlung die Keimzahl reduziert. Das Team konnte vor allem durch die praxisorientierte Fragestellung, ihre exakte wissenschaftliche Arbeitsweise und durch ihre Pr\u00e4sentation des Forschungsprojektes die Jury \u00fcberzeugen.<\/p>\n<p>Marlene Best, Saskia Blaha und Helena Podarschil d\u00fcrfen sich \u00fcber den dritten Platz freuen. Die Sch\u00fclerinnen haben in Ihrem Forschungsprojekt: \u201eChloroplastik\u201c an der Entwicklung eines Bioplastiks auf der Basis von Algenst\u00e4rke gearbeitet. Dabei ging es um die Verbesserung der Wachstumsbedingungen f\u00fcr die St\u00e4rke produzierenden Mikroalgen einerseits und die Rezeptur f\u00fcr die Herstellung des nachhaltig erzeugten Plastiks andererseits. Auch mit einem Nachweis der Kompostierbarkeit konnte das Forscherinnenteam aufwarten. Mit gro\u00dfem Aufwand wurden mehrere Liter Algenl\u00f6sung produziert, aus dem dann nur wenige Milliliter Algenzellen isoliert werden konnten. Entsprechend klein waren die Plastikrohlinge, die hergestellt wurden. Erfahrbar waren somit sowohl die gro\u00dfen Herausforderungen als auch Vorteile der biotechnologischen Produktion von Rohstoffen.<\/p>\n<p>Der Sch\u00fclerwettbewerb Jugend forscht wird j\u00e4hrlich in mehreren Runden ausgetragen. Die Edith-Stein-Schule kann jedes Jahr mindestens ein Team zum Regionalwettbewerb entsenden, der dieses Jahr wieder im Dornier-Museum am Flughafen Friedrichshafen stattfand. Dort stellen die Bewerberinnen und Bewerber ihre Forschungsergebnisse aus und m\u00fcssen diese vor einer Fachjury verteidigen. Die Ausstellung und die Preisverleihung fanden dieses Jahr unter Ausschluss der \u00d6ffentlichkeit statt. Das Poster mit den wichtigsten Ergebnissen kann auf der Homepage der Edith-Stein-Schule abgerufen werden.<\/p>\n<p>Artikel im S\u00fcdkurier, 21.02.2022: <a href=\"https:\/\/www.suedkurier.de\/region\/bodenseekreis\/friedrichshafen\/16-projekte-bei-wettbewerb-von-jugend-forscht-preise-fuer-praktische-und-theoretische-ansaetze;art372474,11052867\" rel=\"noopener\" target=\"_blank\">https:\/\/www.suedkurier.de\/region\/bodenseekreis\/friedrichshafen\/16-projekte-bei-wettbewerb-von-jugend-forscht-preise-fuer-praktische-und-theoretische-ansaetze;art372474,11052867<\/a><\/p>\n","protected":false},"excerpt":{"rendered":"<p>Zwei Jungforscherinnenteams der Edith-Stein-Schule erfolgreich Unter dem Motto &#8222;Zuf\u00e4llig genial?&#8220; steht der diesj\u00e4hrige Wettbewerb Jugend forscht. Sechs Sch\u00fclerinnen des Biotechnologischen Gymnasiums der Edith-Stein-Schule Ravensburg &#038; Aulendorf erreichten verdienterma\u00dfen den ersten und den dritten Platz in der Sparte Biologie und den Sonderpreis Ressourceneffizienz. Sie pr\u00e4sentierten ihre Forschungsprojekte, an denen Sie fast zwei Schuljahre gearbeitet haben, beim &hellip; <a href=\"https:\/\/www.ess-rv.de\/?p=7727\" class=\"more-link\"><span class=\"screen-reader-text\">Regionalwettbewerb Jugend forscht 2022<\/span> weiterlesen <span class=\"meta-nav\">&rarr;<\/span><\/a><\/p>\n","protected":false},"author":3,"featured_media":0,"comment_status":"closed","ping_status":"closed","sticky":false,"template":"","format":"standard","meta":{"footnotes":"","_links_to":"","_links_to_target":""},"categories":[18,29,2,200,24,198,108,33,53],"tags":[461,148,333,49,137,58],"class_list":["post-7727","post","type-post","status-publish","format-standard","hentry","category-ausserschulische-veranstaltung","category-berufliche-gymnasien","category-bildungsangebot","category-btg","category-jugend-forscht","category-standort-ravensburg","category-umweltschutz","category-veranstaltung","category-wettbewerb","tag-2021-2022","tag-berufliche-gymnasien","tag-jugend-forscht","tag-ravensburg","tag-umweltschutz","tag-wettbewerb"],"_links":{"self":[{"href":"https:\/\/www.ess-rv.de\/index.php?rest_route=\/wp\/v2\/posts\/7727","targetHints":{"allow":["GET"]}}],"collection":[{"href":"https:\/\/www.ess-rv.de\/index.php?rest_route=\/wp\/v2\/posts"}],"about":[{"href":"https:\/\/www.ess-rv.de\/index.php?rest_route=\/wp\/v2\/types\/post"}],"author":[{"embeddable":true,"href":"https:\/\/www.ess-rv.de\/index.php?rest_route=\/wp\/v2\/users\/3"}],"replies":[{"embeddable":true,"href":"https:\/\/www.ess-rv.de\/index.php?rest_route=%2Fwp%2Fv2%2Fcomments&post=7727"}],"version-history":[{"count":4,"href":"https:\/\/www.ess-rv.de\/index.php?rest_route=\/wp\/v2\/posts\/7727\/revisions"}],"predecessor-version":[{"id":7732,"href":"https:\/\/www.ess-rv.de\/index.php?rest_route=\/wp\/v2\/posts\/7727\/revisions\/7732"}],"wp:attachment":[{"href":"https:\/\/www.ess-rv.de\/index.php?rest_route=%2Fwp%2Fv2%2Fmedia&parent=7727"}],"wp:term":[{"taxonomy":"category","embeddable":true,"href":"https:\/\/www.ess-rv.de\/index.php?rest_route=%2Fwp%2Fv2%2Fcategories&post=7727"},{"taxonomy":"post_tag","embeddable":true,"href":"https:\/\/www.ess-rv.de\/index.php?rest_route=%2Fwp%2Fv2%2Ftags&post=7727"}],"curies":[{"name":"wp","href":"https:\/\/api.w.org\/{rel}","templated":true}]}}