{"id":7733,"date":"2022-02-24T17:45:06","date_gmt":"2022-02-24T16:45:06","guid":{"rendered":"http:\/\/www.ess-rv.de\/?p=7733"},"modified":"2022-02-24T17:50:22","modified_gmt":"2022-02-24T16:50:22","slug":"projektarbeit-im-2bkh","status":"publish","type":"post","link":"https:\/\/www.ess-rv.de\/?p=7733","title":{"rendered":"Projektarbeit im 2BKH"},"content":{"rendered":"<h2 class=\"KopfTitel\">\nNachhaltiges Wirtschaften und nachhaltige Ern\u00e4hrung<br \/>\n<\/h2>\n<p>&#8222;Was ist nachhaltige Ern\u00e4hrung?&#8220; Mit diesem Thema haben sich Nele Augsten, Nadine Erler und Diana Miller befasst. Um auch etwas an der Schule zu ver\u00e4ndern zu k\u00f6nnen, wurde von Ihnen eine Unfrage in verschiedenen Klassen durchgef\u00fchrt und den jeweiligen Sch\u00fclerinnen und Sch\u00fcler die nachhaltige Ern\u00e4hrung durch selbstgemachte H\u00e4ppchen nahegebracht. Die H\u00e4ppchen wurden aus nachhaltigen Produkten und mit eigener Rezeptur hergestellt. Damit die Sch\u00fclerinnen und Sch\u00fcler die M\u00f6glichkeit haben, diese zuhause nachzukochen und nachzubacken werden diese Rezepte hier zur Verf\u00fcgung gestellt:<\/p>\n<p><a href=\"http:\/\/www.ess-rv.de\/wp-content\/uploads\/2022\/02\/Projektarbeit-rezepte-1.pdf\" target=\"_blank\" rel=\"noopener\">Download Rezepte<\/a><\/p>\n<div id='gallery-1' class='gallery galleryid-7733 gallery-columns-3 gallery-size-thumbnail'><figure class='gallery-item'>\n\t\t\t<div class='gallery-icon landscape'>\n\t\t\t\t<a href='https:\/\/www.ess-rv.de\/wp-content\/uploads\/2022\/02\/2022-02-24-moehren-1024.jpg'><img loading=\"lazy\" decoding=\"async\" width=\"215\" height=\"215\" src=\"https:\/\/www.ess-rv.de\/wp-content\/uploads\/2022\/02\/2022-02-24-moehren-1024-215x215.jpg\" class=\"attachment-thumbnail size-thumbnail\" alt=\"\" \/><\/a>\n\t\t\t<\/div><\/figure><figure class='gallery-item'>\n\t\t\t<div class='gallery-icon portrait'>\n\t\t\t\t<a href='https:\/\/www.ess-rv.de\/wp-content\/uploads\/2022\/02\/2022-02-24-20220124_1052221-1024.jpg'><img loading=\"lazy\" decoding=\"async\" width=\"215\" height=\"215\" src=\"https:\/\/www.ess-rv.de\/wp-content\/uploads\/2022\/02\/2022-02-24-20220124_1052221-1024-215x215.jpg\" class=\"attachment-thumbnail size-thumbnail\" alt=\"\" \/><\/a>\n\t\t\t<\/div><\/figure><figure class='gallery-item'>\n\t\t\t<div class='gallery-icon landscape'>\n\t\t\t\t<a href='https:\/\/www.ess-rv.de\/wp-content\/uploads\/2022\/02\/2022-02-24-20220124_094623_mfnr1-1024.jpg'><img loading=\"lazy\" decoding=\"async\" width=\"215\" height=\"215\" src=\"https:\/\/www.ess-rv.de\/wp-content\/uploads\/2022\/02\/2022-02-24-20220124_094623_mfnr1-1024-215x215.jpg\" class=\"attachment-thumbnail size-thumbnail\" alt=\"\" \/><\/a>\n\t\t\t<\/div><\/figure>\n\t\t<\/div>\n\n","protected":false},"excerpt":{"rendered":"<p>Nachhaltiges Wirtschaften und nachhaltige Ern\u00e4hrung &#8222;Was ist nachhaltige Ern\u00e4hrung?&#8220; Mit diesem Thema haben sich Nele Augsten, Nadine Erler und Diana Miller befasst. Um auch etwas an der Schule zu ver\u00e4ndern zu k\u00f6nnen, wurde von Ihnen eine Unfrage in verschiedenen Klassen durchgef\u00fchrt und den jeweiligen Sch\u00fclerinnen und Sch\u00fcler die nachhaltige Ern\u00e4hrung durch selbstgemachte H\u00e4ppchen nahegebracht. Die &hellip; <a href=\"https:\/\/www.ess-rv.de\/?p=7733\" class=\"more-link\"><span class=\"screen-reader-text\">Projektarbeit im 2BKH<\/span> weiterlesen <span class=\"meta-nav\">&rarr;<\/span><\/a><\/p>\n","protected":false},"author":3,"featured_media":0,"comment_status":"closed","ping_status":"closed","sticky":false,"template":"","format":"standard","meta":{"footnotes":"","_links_to":"","_links_to_target":""},"categories":[315,2,198],"tags":[461,416,77,67,137],"class_list":["post-7733","post","type-post","status-publish","format-standard","hentry","category-2bkh","category-bildungsangebot","category-standort-ravensburg","tag-2021-2022","tag-aus-dem-unterricht","tag-berufskolleg","tag-projekt","tag-umweltschutz"],"_links":{"self":[{"href":"https:\/\/www.ess-rv.de\/index.php?rest_route=\/wp\/v2\/posts\/7733","targetHints":{"allow":["GET"]}}],"collection":[{"href":"https:\/\/www.ess-rv.de\/index.php?rest_route=\/wp\/v2\/posts"}],"about":[{"href":"https:\/\/www.ess-rv.de\/index.php?rest_route=\/wp\/v2\/types\/post"}],"author":[{"embeddable":true,"href":"https:\/\/www.ess-rv.de\/index.php?rest_route=\/wp\/v2\/users\/3"}],"replies":[{"embeddable":true,"href":"https:\/\/www.ess-rv.de\/index.php?rest_route=%2Fwp%2Fv2%2Fcomments&post=7733"}],"version-history":[{"count":4,"href":"https:\/\/www.ess-rv.de\/index.php?rest_route=\/wp\/v2\/posts\/7733\/revisions"}],"predecessor-version":[{"id":7741,"href":"https:\/\/www.ess-rv.de\/index.php?rest_route=\/wp\/v2\/posts\/7733\/revisions\/7741"}],"wp:attachment":[{"href":"https:\/\/www.ess-rv.de\/index.php?rest_route=%2Fwp%2Fv2%2Fmedia&parent=7733"}],"wp:term":[{"taxonomy":"category","embeddable":true,"href":"https:\/\/www.ess-rv.de\/index.php?rest_route=%2Fwp%2Fv2%2Fcategories&post=7733"},{"taxonomy":"post_tag","embeddable":true,"href":"https:\/\/www.ess-rv.de\/index.php?rest_route=%2Fwp%2Fv2%2Ftags&post=7733"}],"curies":[{"name":"wp","href":"https:\/\/api.w.org\/{rel}","templated":true}]}}