{"id":7809,"date":"2022-04-06T08:38:48","date_gmt":"2022-04-06T06:38:48","guid":{"rendered":"http:\/\/www.ess-rv.de\/?p=7809"},"modified":"2022-04-06T08:40:41","modified_gmt":"2022-04-06T06:40:41","slug":"7809","status":"publish","type":"post","link":"https:\/\/www.ess-rv.de\/?p=7809","title":{"rendered":"UNESCO-Projektschule"},"content":{"rendered":"<h2 class=\"KopfTitel\">Faires Wettkochen in unserer Schulk\u00fcche<\/h2>\n<p>Sch\u00fclerinnen und Sch\u00fcler der Oberstufe stellten sich der Herausforderung, f\u00fcr ein Mittagessen einen leckeren Buffetbeitrag aus Fairtrade- beziehungsweise regionalen Produkten zu zaubern. Daf\u00fcr bekam jede Teilnehmerin\/jeder Teilnehmer im Vorfeld sieben Euro Startgeld. So konnten sie sich frei zu verschiedenen Wettbewerbteams zusammenfinden und eine gemeinsame Kochidee verfolgen.<\/p>\n<div id='gallery-1' class='gallery galleryid-7809 gallery-columns-3 gallery-size-thumbnail'><figure class='gallery-item'>\n\t\t\t<div class='gallery-icon portrait'>\n\t\t\t\t<a href='https:\/\/www.ess-rv.de\/wp-content\/uploads\/2022\/04\/2022-04-06-img_0012-1024.jpg'><img loading=\"lazy\" decoding=\"async\" width=\"215\" height=\"215\" src=\"https:\/\/www.ess-rv.de\/wp-content\/uploads\/2022\/04\/2022-04-06-img_0012-1024-215x215.jpg\" class=\"attachment-thumbnail size-thumbnail\" alt=\"\" \/><\/a>\n\t\t\t<\/div><\/figure><figure class='gallery-item'>\n\t\t\t<div class='gallery-icon portrait'>\n\t\t\t\t<a href='https:\/\/www.ess-rv.de\/wp-content\/uploads\/2022\/04\/2022-04-06-img_0010-1024.jpg'><img loading=\"lazy\" decoding=\"async\" width=\"215\" height=\"215\" src=\"https:\/\/www.ess-rv.de\/wp-content\/uploads\/2022\/04\/2022-04-06-img_0010-1024-215x215.jpg\" class=\"attachment-thumbnail size-thumbnail\" alt=\"\" \/><\/a>\n\t\t\t<\/div><\/figure><figure class='gallery-item'>\n\t\t\t<div class='gallery-icon portrait'>\n\t\t\t\t<a href='https:\/\/www.ess-rv.de\/wp-content\/uploads\/2022\/04\/2022-04-06-img_0011-1024.jpg'><img loading=\"lazy\" decoding=\"async\" width=\"215\" height=\"215\" src=\"https:\/\/www.ess-rv.de\/wp-content\/uploads\/2022\/04\/2022-04-06-img_0011-1024-215x215.jpg\" class=\"attachment-thumbnail size-thumbnail\" alt=\"\" \/><\/a>\n\t\t\t<\/div><\/figure>\n\t\t<\/div>\n\n<p><!--more-->Am Tag der Veranstaltung ging es dann hei\u00df her in unserer Schulk\u00fcche. Da wurde auf Hochtouren gekocht und gebacken und schon bald roch es in unserem Schulflur k\u00f6stlich. Es war kaum zu glauben, dass man aus diesen herrlich duftenden und kreativ zubereiteten Gerichten sp\u00e4ter ein Siegeressen ausw\u00e4hlen sollte. Nach einer anstrengenden, aber auch lustigen Zeit der Zubereitung wurde in gem\u00fctlicher Runde gegessen, sich gegenseitig gelobt und das ein oder andere Rezept ausgetauscht. Zum Abschluss bewerteten sich die Sch\u00fclerinnen mit Hilfe eines Punktesystems. Wie nicht anders zu erwarten, lagen die Teams dicht beieinander. Den ersten Platz belegten: Maja, Annalena, Paula und Giovanna aus der SG 1.3.<\/p>\n<p>Herzlichen Gl\u00fcckwunsch!<\/p>\n<p>Fazit:  Fairtrade- und regionale Produkte schmecken super und noch besser, wenn sie von vielen talentierten Jungk\u00f6chinnen und -k\u00f6chen zubereitet werden!<\/p>\n","protected":false},"excerpt":{"rendered":"<p>Faires Wettkochen in unserer Schulk\u00fcche Sch\u00fclerinnen und Sch\u00fcler der Oberstufe stellten sich der Herausforderung, f\u00fcr ein Mittagessen einen leckeren Buffetbeitrag aus Fairtrade- beziehungsweise regionalen Produkten zu zaubern. Daf\u00fcr bekam jede Teilnehmerin\/jeder Teilnehmer im Vorfeld sieben Euro Startgeld. So konnten sie sich frei zu verschiedenen Wettbewerbteams zusammenfinden und eine gemeinsame Kochidee verfolgen.<\/p>\n","protected":false},"author":3,"featured_media":0,"comment_status":"closed","ping_status":"closed","sticky":false,"template":"","format":"standard","meta":{"footnotes":"","_links_to":"","_links_to_target":""},"categories":[18,29,2,47,198,108,53],"tags":[461,50,172,110,67,49,58],"class_list":["post-7809","post","type-post","status-publish","format-standard","hentry","category-ausserschulische-veranstaltung","category-berufliche-gymnasien","category-bildungsangebot","category-soziales-engagement","category-standort-ravensburg","category-umweltschutz","category-wettbewerb","tag-2021-2022","tag-engagement","tag-fairer-handel","tag-kinderregenwald","tag-projekt","tag-ravensburg","tag-wettbewerb"],"_links":{"self":[{"href":"https:\/\/www.ess-rv.de\/index.php?rest_route=\/wp\/v2\/posts\/7809","targetHints":{"allow":["GET"]}}],"collection":[{"href":"https:\/\/www.ess-rv.de\/index.php?rest_route=\/wp\/v2\/posts"}],"about":[{"href":"https:\/\/www.ess-rv.de\/index.php?rest_route=\/wp\/v2\/types\/post"}],"author":[{"embeddable":true,"href":"https:\/\/www.ess-rv.de\/index.php?rest_route=\/wp\/v2\/users\/3"}],"replies":[{"embeddable":true,"href":"https:\/\/www.ess-rv.de\/index.php?rest_route=%2Fwp%2Fv2%2Fcomments&post=7809"}],"version-history":[{"count":5,"href":"https:\/\/www.ess-rv.de\/index.php?rest_route=\/wp\/v2\/posts\/7809\/revisions"}],"predecessor-version":[{"id":7817,"href":"https:\/\/www.ess-rv.de\/index.php?rest_route=\/wp\/v2\/posts\/7809\/revisions\/7817"}],"wp:attachment":[{"href":"https:\/\/www.ess-rv.de\/index.php?rest_route=%2Fwp%2Fv2%2Fmedia&parent=7809"}],"wp:term":[{"taxonomy":"category","embeddable":true,"href":"https:\/\/www.ess-rv.de\/index.php?rest_route=%2Fwp%2Fv2%2Fcategories&post=7809"},{"taxonomy":"post_tag","embeddable":true,"href":"https:\/\/www.ess-rv.de\/index.php?rest_route=%2Fwp%2Fv2%2Ftags&post=7809"}],"curies":[{"name":"wp","href":"https:\/\/api.w.org\/{rel}","templated":true}]}}