{"id":815,"date":"2014-11-29T20:29:03","date_gmt":"2014-11-29T19:29:03","guid":{"rendered":"http:\/\/www.ess-rv.de\/?p=815"},"modified":"2015-03-12T20:33:16","modified_gmt":"2015-03-12T19:33:16","slug":"eine-welt-tag-2014","status":"publish","type":"post","link":"https:\/\/www.ess-rv.de\/?p=815","title":{"rendered":"Eine-Welt-Tag 2014"},"content":{"rendered":"<p><a href=\"http:\/\/www.ess-rv.de\/wp-content\/uploads\/2015\/03\/2014_11_30_11_51_36_P1030942v.jpg\"><img loading=\"lazy\" decoding=\"async\" class=\"alignleft size-medium wp-image-816\" src=\"http:\/\/www.ess-rv.de\/wp-content\/uploads\/2015\/03\/2014_11_30_11_51_36_P1030942v-300x225.jpg\" alt=\"Am Eine-Welt-Tag 2015 engagieren sich Sch\u00fclerinnen und Sch\u00fcler f\u00fcr die von der Edith-Stein-Schule betreuten Entwicklungsprojekte.\" width=\"300\" height=\"225\" \/><\/a>Am Freitag fand an unserer Schule unser Eine-Welt-Tag statt. An bunten Weihnachtsst\u00e4nden und in vielen Kleinprojekten der einzelnen Klassen wurde informiert, verkauft und lecker gegessen. Der Erl\u00f6s des Eine-Welt-Tages geht wie jedes Jahr in verschiedene Entwicklungshilfeprojekte auf den drei Kontinenten Asien, Afrika und S\u00fcd-Amerika &#8211; vielen und herzlichen Dank an die vielen fleissigen Helfer, die diesen Tag zu einem wundersch\u00f6nen Erlebnis werden liessen!<\/p>\n","protected":false},"excerpt":{"rendered":"<p>Am Freitag fand an unserer Schule unser Eine-Welt-Tag statt. An bunten Weihnachtsst\u00e4nden und in vielen Kleinprojekten der einzelnen Klassen wurde informiert, verkauft und lecker gegessen. Der Erl\u00f6s des Eine-Welt-Tages geht wie jedes Jahr in verschiedene Entwicklungshilfeprojekte auf den drei Kontinenten Asien, Afrika und S\u00fcd-Amerika &#8211; vielen und herzlichen Dank an die vielen fleissigen Helfer, die &hellip; <a href=\"https:\/\/www.ess-rv.de\/?p=815\" class=\"more-link\"><span class=\"screen-reader-text\">Eine-Welt-Tag 2014<\/span> weiterlesen <span class=\"meta-nav\">&rarr;<\/span><\/a><\/p>\n","protected":false},"author":3,"featured_media":0,"comment_status":"closed","ping_status":"closed","sticky":false,"template":"","format":"standard","meta":{"footnotes":"","_links_to":"","_links_to_target":""},"categories":[18,104,47,33],"tags":[93,105,67,49,34],"class_list":["post-815","post","type-post","status-publish","format-standard","hentry","category-ausserschulische-veranstaltung","category-eine-welt-tag","category-soziales-engagement","category-veranstaltung","tag-2014-2015","tag-eine-welt-tag","tag-projekt","tag-ravensburg","tag-tag-der-offenen-tuer"],"_links":{"self":[{"href":"https:\/\/www.ess-rv.de\/index.php?rest_route=\/wp\/v2\/posts\/815","targetHints":{"allow":["GET"]}}],"collection":[{"href":"https:\/\/www.ess-rv.de\/index.php?rest_route=\/wp\/v2\/posts"}],"about":[{"href":"https:\/\/www.ess-rv.de\/index.php?rest_route=\/wp\/v2\/types\/post"}],"author":[{"embeddable":true,"href":"https:\/\/www.ess-rv.de\/index.php?rest_route=\/wp\/v2\/users\/3"}],"replies":[{"embeddable":true,"href":"https:\/\/www.ess-rv.de\/index.php?rest_route=%2Fwp%2Fv2%2Fcomments&post=815"}],"version-history":[{"count":1,"href":"https:\/\/www.ess-rv.de\/index.php?rest_route=\/wp\/v2\/posts\/815\/revisions"}],"predecessor-version":[{"id":817,"href":"https:\/\/www.ess-rv.de\/index.php?rest_route=\/wp\/v2\/posts\/815\/revisions\/817"}],"wp:attachment":[{"href":"https:\/\/www.ess-rv.de\/index.php?rest_route=%2Fwp%2Fv2%2Fmedia&parent=815"}],"wp:term":[{"taxonomy":"category","embeddable":true,"href":"https:\/\/www.ess-rv.de\/index.php?rest_route=%2Fwp%2Fv2%2Fcategories&post=815"},{"taxonomy":"post_tag","embeddable":true,"href":"https:\/\/www.ess-rv.de\/index.php?rest_route=%2Fwp%2Fv2%2Ftags&post=815"}],"curies":[{"name":"wp","href":"https:\/\/api.w.org\/{rel}","templated":true}]}}