{"id":8158,"date":"2023-02-01T20:07:31","date_gmt":"2023-02-01T19:07:31","guid":{"rendered":"https:\/\/www.ess-rv.de\/?p=8158"},"modified":"2023-02-01T20:15:48","modified_gmt":"2023-02-01T19:15:48","slug":"praeventionstheater-an-der-schule","status":"publish","type":"post","link":"https:\/\/www.ess-rv.de\/?p=8158","title":{"rendered":"Pr\u00e4ventionstheater an der Schule"},"content":{"rendered":"<h2 class=\"KopfTitel\">Neue Auff\u00fchrung von \u201eFood Diaries\u201c<\/h2>\n<p><a href=\"https:\/\/www.ess-rv.de\/wp-content\/uploads\/2023\/02\/2023-02-01-food-diaries-2023_2-1024.jpg\"><img loading=\"lazy\" decoding=\"async\" src=\"https:\/\/www.ess-rv.de\/wp-content\/uploads\/2023\/02\/2023-02-01-food-diaries-2023_2-1024-225x300.jpg\" alt=\"\" width=\"225\" height=\"300\" class=\"alignright size-medium wp-image-8159\" srcset=\"https:\/\/www.ess-rv.de\/wp-content\/uploads\/2023\/02\/2023-02-01-food-diaries-2023_2-1024-225x300.jpg 225w, https:\/\/www.ess-rv.de\/wp-content\/uploads\/2023\/02\/2023-02-01-food-diaries-2023_2-1024.jpg 768w\" sizes=\"auto, (max-width: 225px) 100vw, 225px\" \/><\/a><\/p>\n<p>Auch in diesem Schuljahr hatten wir das Pr\u00e4ventionstheater mit dem St\u00fcck <a href=\"https:\/\/www.heidydeblum.de\/basic-01\" target=\"_blank\" rel=\"noopener\">\u201eFood Diaries\u201c<\/a> zu Gast in unserer Schule.<\/p>\n<p>Die Schauspielerin Mariola Dietrich f\u00fchrte das Ein-Frau-St\u00fcck zum Thema Essst\u00f6rungen auf. Sie skizzierte auf \u201ekompromisslose und doch sensible Weise die Wirklichkeit essgest\u00f6rter Frauen zwischen Di\u00e4t, Schlankheitswahn, Hunger und Krankheit\u201c (Homepage ANAD). Im Anschluss reflektierte die Sozialarbeiterin Paula Kuhn mit den anwesenden Klassen das St\u00fcck und gab weitere wertvolle Infos zum Thema Essst\u00f6rungen.<\/p>\n","protected":false},"excerpt":{"rendered":"<p>Neue Auff\u00fchrung von \u201eFood Diaries\u201c Auch in diesem Schuljahr hatten wir das Pr\u00e4ventionstheater mit dem St\u00fcck \u201eFood Diaries\u201c zu Gast in unserer Schule. Die Schauspielerin Mariola Dietrich f\u00fchrte das Ein-Frau-St\u00fcck zum Thema Essst\u00f6rungen auf. Sie skizzierte auf \u201ekompromisslose und doch sensible Weise die Wirklichkeit essgest\u00f6rter Frauen zwischen Di\u00e4t, Schlankheitswahn, Hunger und Krankheit\u201c (Homepage ANAD). Im &hellip; <a href=\"https:\/\/www.ess-rv.de\/?p=8158\" class=\"more-link\"><span class=\"screen-reader-text\">Pr\u00e4ventionstheater an der Schule<\/span> weiterlesen <span class=\"meta-nav\">&rarr;<\/span><\/a><\/p>\n","protected":false},"author":3,"featured_media":0,"comment_status":"closed","ping_status":"closed","sticky":false,"template":"","format":"standard","meta":{"footnotes":"","_links_to":"","_links_to_target":""},"categories":[18,2,47,65],"tags":[471,157,77,466,67,49,69],"class_list":["post-8158","post","type-post","status-publish","format-standard","hentry","category-ausserschulische-veranstaltung","category-bildungsangebot","category-soziales-engagement","category-theater","tag-2022-2023","tag-berufsfachschule","tag-berufskolleg","tag-praevention","tag-projekt","tag-ravensburg","tag-theater"],"_links":{"self":[{"href":"https:\/\/www.ess-rv.de\/index.php?rest_route=\/wp\/v2\/posts\/8158","targetHints":{"allow":["GET"]}}],"collection":[{"href":"https:\/\/www.ess-rv.de\/index.php?rest_route=\/wp\/v2\/posts"}],"about":[{"href":"https:\/\/www.ess-rv.de\/index.php?rest_route=\/wp\/v2\/types\/post"}],"author":[{"embeddable":true,"href":"https:\/\/www.ess-rv.de\/index.php?rest_route=\/wp\/v2\/users\/3"}],"replies":[{"embeddable":true,"href":"https:\/\/www.ess-rv.de\/index.php?rest_route=%2Fwp%2Fv2%2Fcomments&post=8158"}],"version-history":[{"count":2,"href":"https:\/\/www.ess-rv.de\/index.php?rest_route=\/wp\/v2\/posts\/8158\/revisions"}],"predecessor-version":[{"id":8161,"href":"https:\/\/www.ess-rv.de\/index.php?rest_route=\/wp\/v2\/posts\/8158\/revisions\/8161"}],"wp:attachment":[{"href":"https:\/\/www.ess-rv.de\/index.php?rest_route=%2Fwp%2Fv2%2Fmedia&parent=8158"}],"wp:term":[{"taxonomy":"category","embeddable":true,"href":"https:\/\/www.ess-rv.de\/index.php?rest_route=%2Fwp%2Fv2%2Fcategories&post=8158"},{"taxonomy":"post_tag","embeddable":true,"href":"https:\/\/www.ess-rv.de\/index.php?rest_route=%2Fwp%2Fv2%2Ftags&post=8158"}],"curies":[{"name":"wp","href":"https:\/\/api.w.org\/{rel}","templated":true}]}}