{"id":8167,"date":"2023-03-09T08:40:50","date_gmt":"2023-03-09T07:40:50","guid":{"rendered":"https:\/\/www.ess-rv.de\/?p=8167"},"modified":"2023-03-09T08:41:40","modified_gmt":"2023-03-09T07:41:40","slug":"jugend-forscht-2023","status":"publish","type":"post","link":"https:\/\/www.ess-rv.de\/?p=8167","title":{"rendered":"Jugend forscht 2023"},"content":{"rendered":"<h2 class=\"KopfTitel\">\u201eTrockenstress lass nach!\u201c<\/h2>\n<h3>Sch\u00fclerinnen der Edith-Stein-Schule Ravensburg erhalten einen 2. Platz beim Regionalwettbewerb Jugend forscht<\/h3>\n<figure id=\"attachment_8168\" aria-describedby=\"caption-attachment-8168\" style=\"width: 263px\" class=\"wp-caption alignright\"><a href=\"https:\/\/www.ess-rv.de\/wp-content\/uploads\/2023\/03\/2023-03-09-jugend-forscht-bild-regionalwettbewerb-2023-1024.jpeg\"><img loading=\"lazy\" decoding=\"async\" class=\"wp-image-8168 size-medium\" src=\"https:\/\/www.ess-rv.de\/wp-content\/uploads\/2023\/03\/2023-03-09-jugend-forscht-bild-regionalwettbewerb-2023-1024-263x300.jpeg\" alt=\"\" width=\"263\" height=\"300\" srcset=\"https:\/\/www.ess-rv.de\/wp-content\/uploads\/2023\/03\/2023-03-09-jugend-forscht-bild-regionalwettbewerb-2023-1024-263x300.jpeg 263w, https:\/\/www.ess-rv.de\/wp-content\/uploads\/2023\/03\/2023-03-09-jugend-forscht-bild-regionalwettbewerb-2023-1024-768x877.jpeg 768w, https:\/\/www.ess-rv.de\/wp-content\/uploads\/2023\/03\/2023-03-09-jugend-forscht-bild-regionalwettbewerb-2023-1024.jpeg 897w\" sizes=\"auto, (max-width: 263px) 100vw, 263px\" \/><\/a><figcaption id=\"caption-attachment-8168\" class=\"wp-caption-text\">Helen Frick (links) und Theresa Knisel<\/figcaption><\/figure>\n<p>Die Sch\u00fclerinnen Helen Frick und Theresa Knisel vom Sozial- und gesundheitswissenschaftlichen Gymnasium Profil Gesundheit der Edith-Stein-Schule Ravensburg haben beim diesj\u00e4hrigen Regionalwettbewerb Jugend forscht S\u00fcdw\u00fcrttemberg in Friedrichshafen im Fachgebiet Biologie einen hervorragenden 2. Platz erreicht! Doch das ist noch nicht alles \u2013 sie erhielten auch einen Sonderpreis in Form eines Jahresabos der Zeitschrift Geo.<\/p>\n<p>In ihrem Projekt \u201eTrockenstress lass nach!\u201c untersuchten die beiden Sch\u00fclerinnen den Einfluss einer Priming-Behandlung auf die Trockenresistenz verschiedener Pflanzen. Dabei ging es darum, Pflanzen gezielt mit chemischen Stoffen vorzubehandeln, um besser auf Stressoren wie Trockenheit reagieren zu k\u00f6nnen. Die Sch\u00fclerinnen verwendeten daf\u00fcr den Wirkstoff aus einer handels\u00fcblichen Aspirintablette und Salicyls\u00e4ure aus M\u00e4des\u00fc\u00dfpflanzenjauche.<!--more--><\/p>\n<p>Der Hintergrund dieser Forschungsarbeit ist der Klimawandel und die damit verbundene Wasserknappheit, die weltweit zunehmend zu einem Problem wird. Gerade bei der Kultivierung von Pflanzen leiden diese unter Trockenstress. Mit ihrem Forschungsvorhaben wollten die Sch\u00fclerinnen eine einfache und praxisrelevante Priming-Methode finden, um Trockenstress bei Pflanzen zu vermindern.<br \/>\nDas Projekt der beiden Sch\u00fclerinnen beeindruckte die Jury beim diesj\u00e4hrigen Wettbewerb. Besonders positiv wurde die praktische Fragestellung und die wissenschaftliche Herangehensweise hervorgehoben. Die Sch\u00fclerinnen konnten den Einfluss einer Priming-Behandlung auf die Trockenresistenz sowohl mit Acetylsalicyls\u00e4ure als auch mit Salicyls\u00e4ure nachweisen und somit einen wertvollen Beitrag zur L\u00f6sung eines globalen Problems leisten.<\/p>\n<p>Mit ihrem Projekt \u201eTrockenstress lass nach!\u201c haben die Sch\u00fclerinnen Helen Frick und Theresa Knisel bewiesen, dass Forschen und Experimentieren nicht nur spannend, sondern auch relevant f\u00fcr die Gesellschaft sein kann. Wir gratulieren den beiden Sch\u00fclerinnen zu ihrem hervorragenden 2. Platz und dem Sonderpreis und sind gespannt auf weitere innovative Ideen und Projekte beim n\u00e4chsten Jugend forscht Wettbewerb.<\/p>\n","protected":false},"excerpt":{"rendered":"<p>\u201eTrockenstress lass nach!\u201c Sch\u00fclerinnen der Edith-Stein-Schule Ravensburg erhalten einen 2. Platz beim Regionalwettbewerb Jugend forscht Die Sch\u00fclerinnen Helen Frick und Theresa Knisel vom Sozial- und gesundheitswissenschaftlichen Gymnasium Profil Gesundheit der Edith-Stein-Schule Ravensburg haben beim diesj\u00e4hrigen Regionalwettbewerb Jugend forscht S\u00fcdw\u00fcrttemberg in Friedrichshafen im Fachgebiet Biologie einen hervorragenden 2. Platz erreicht! Doch das ist noch nicht alles &hellip; <a href=\"https:\/\/www.ess-rv.de\/?p=8167\" class=\"more-link\"><span class=\"screen-reader-text\">Jugend forscht 2023<\/span> weiterlesen <span class=\"meta-nav\">&rarr;<\/span><\/a><\/p>\n","protected":false},"author":3,"featured_media":0,"comment_status":"closed","ping_status":"closed","sticky":false,"template":"","format":"standard","meta":{"footnotes":"","_links_to":"","_links_to_target":""},"categories":[18,29,2,202,24,198,33,53],"tags":[471,333,67,49,195,58],"class_list":["post-8167","post","type-post","status-publish","format-standard","hentry","category-ausserschulische-veranstaltung","category-berufliche-gymnasien","category-bildungsangebot","category-gg","category-jugend-forscht","category-standort-ravensburg","category-veranstaltung","category-wettbewerb","tag-2022-2023","tag-jugend-forscht","tag-projekt","tag-ravensburg","tag-seminarkurs","tag-wettbewerb"],"_links":{"self":[{"href":"https:\/\/www.ess-rv.de\/index.php?rest_route=\/wp\/v2\/posts\/8167","targetHints":{"allow":["GET"]}}],"collection":[{"href":"https:\/\/www.ess-rv.de\/index.php?rest_route=\/wp\/v2\/posts"}],"about":[{"href":"https:\/\/www.ess-rv.de\/index.php?rest_route=\/wp\/v2\/types\/post"}],"author":[{"embeddable":true,"href":"https:\/\/www.ess-rv.de\/index.php?rest_route=\/wp\/v2\/users\/3"}],"replies":[{"embeddable":true,"href":"https:\/\/www.ess-rv.de\/index.php?rest_route=%2Fwp%2Fv2%2Fcomments&post=8167"}],"version-history":[{"count":3,"href":"https:\/\/www.ess-rv.de\/index.php?rest_route=\/wp\/v2\/posts\/8167\/revisions"}],"predecessor-version":[{"id":8171,"href":"https:\/\/www.ess-rv.de\/index.php?rest_route=\/wp\/v2\/posts\/8167\/revisions\/8171"}],"wp:attachment":[{"href":"https:\/\/www.ess-rv.de\/index.php?rest_route=%2Fwp%2Fv2%2Fmedia&parent=8167"}],"wp:term":[{"taxonomy":"category","embeddable":true,"href":"https:\/\/www.ess-rv.de\/index.php?rest_route=%2Fwp%2Fv2%2Fcategories&post=8167"},{"taxonomy":"post_tag","embeddable":true,"href":"https:\/\/www.ess-rv.de\/index.php?rest_route=%2Fwp%2Fv2%2Ftags&post=8167"}],"curies":[{"name":"wp","href":"https:\/\/api.w.org\/{rel}","templated":true}]}}