{"id":8281,"date":"2023-07-09T06:00:05","date_gmt":"2023-07-09T04:00:05","guid":{"rendered":"https:\/\/www.ess-rv.de\/?p=8281"},"modified":"2023-07-04T11:54:32","modified_gmt":"2023-07-04T09:54:32","slug":"ravensburg-laeuft-fuer-toleranz-5","status":"publish","type":"post","link":"https:\/\/www.ess-rv.de\/?p=8281","title":{"rendered":"Ravensburg l\u00e4uft f\u00fcr Toleranz"},"content":{"rendered":"<h2 class=\"KopfTitel\">Sch\u00fclerinnen und Sch\u00fcler erleben ein ganz besonderes Lauf- und Kulturprogramm<\/h2>\n<div id='gallery-1' class='gallery galleryid-8281 gallery-columns-3 gallery-size-thumbnail'><figure class='gallery-item'>\n\t\t\t<div class='gallery-icon landscape'>\n\t\t\t\t<a href='https:\/\/www.ess-rv.de\/wp-content\/uploads\/2023\/07\/2023-07-04-img_9871-1024.jpg'><img loading=\"lazy\" decoding=\"async\" width=\"215\" height=\"215\" src=\"https:\/\/www.ess-rv.de\/wp-content\/uploads\/2023\/07\/2023-07-04-img_9871-1024-215x215.jpg\" class=\"attachment-thumbnail size-thumbnail\" alt=\"\" \/><\/a>\n\t\t\t<\/div><\/figure><figure class='gallery-item'>\n\t\t\t<div class='gallery-icon landscape'>\n\t\t\t\t<a href='https:\/\/www.ess-rv.de\/wp-content\/uploads\/2023\/07\/2023-07-04-20230504_192725-1024.jpg'><img loading=\"lazy\" decoding=\"async\" width=\"215\" height=\"215\" src=\"https:\/\/www.ess-rv.de\/wp-content\/uploads\/2023\/07\/2023-07-04-20230504_192725-1024-215x215.jpg\" class=\"attachment-thumbnail size-thumbnail\" alt=\"\" \/><\/a>\n\t\t\t<\/div><\/figure><figure class='gallery-item'>\n\t\t\t<div class='gallery-icon portrait'>\n\t\t\t\t<a href='https:\/\/www.ess-rv.de\/wp-content\/uploads\/2023\/07\/2023-07-04-20230505_112138-1024.jpg'><img loading=\"lazy\" decoding=\"async\" width=\"215\" height=\"215\" src=\"https:\/\/www.ess-rv.de\/wp-content\/uploads\/2023\/07\/2023-07-04-20230505_112138-1024-215x215.jpg\" class=\"attachment-thumbnail size-thumbnail\" alt=\"\" \/><\/a>\n\t\t\t<\/div><\/figure>\n\t\t<\/div>\n\n<p>Insgesamt 11 Sch\u00fclerinnen und Sch\u00fcler der ESS erlebten mit der Initiative \u201eRavensburg l\u00e4uft f\u00fcr Toleranz\u201c im Mai 2023 einen Lauf und Kultur Event in Granada. Zwischen der Initiative \u201eRavensburg l\u00e4uft f\u00fcr Toleranz\u201c (<a href=\"https:\/\/www.demokratie-leben.de\/\" rel=\"noopener\" target=\"_blank\">Demokratie Leben<\/a>) und der Edith-Stein-Schule gibt es seit Jahren eine Kooperation, schon an einigen Ausfahrten konnten Sch\u00fcler*innengruppen teilnehmen. Die Corona-Pandemie hatte diese Aktivit\u00e4ten stark gebremst, um so mehr haben sich die Sch\u00fcler*innen mit den insgesamt 31 Teilnehmer*innen auf diese aufregende Reise in Spanien gefreut.<!--more--><\/p>\n<p>Hauptprogrammpunkt f\u00fcr Mitreisenden war die Teilnahme am 10 km bzw. Halbmarathon-Lauf. Dieser Lauf ging mitten durch die historische Altstadt Granadas. Insgesamt 5500 L\u00e4uferinnen und L\u00e4ufer waren am Start. Die Herausforderungen f\u00fcr die Sch\u00fcler*innen bestanden darin, dass der Lauf mit seinen 250 H\u00f6henmeter besonders anspruchsvoll, sowie durch die 29 Grad Au\u00dfentemperatur trotz der sp\u00e4ten Startzeit am Abend besonders anstrengend war. Neben dem sportlichen Ereignis lernten die Teilnehmer*innen die historische Altstadt Granadas mit ihren verschiedenen Facetten kennen und besichtigten die weltber\u00fchmte Alhambra. Hier gewannen sie einen Einblick, wie Christen und Juden unter der Herrschaft der Araber \u00fcber 800 Jahre friedlich zum Vorteil aller drei beteiligten Religionen zusammenlebten. Ebenso stand ein gemeinsames Abendessen mit einem traditionell spanischen Buffet und Flamenco auf der Agenda. Bei einem Besuch der Gruppe \u201eF\u00fcr eine gerechtere Welt\u201c konnten die Teilnehmer*innen sich mit Kommunalpolitikern austauschen. Dadurch gelang ein gewisser Einblick in die aktuelle Lage von Jugendlichen und die kommunalpolitische Situation in Andalusien. Abschluss der Reise war ein Ausflug in die angrenzende Sierra Nevada verbunden mit einer kleinen Wanderung durch die traumhafte Natur der Bergregion und die D\u00f6rfer um Portugos und Capileira.<\/p>\n<p>Vor allem das freundliche Miteinander innerhalb der Gruppe und die herzliche Aufnahme aller neuen Mitl\u00e4ufer*innen hat diese Woche f\u00fcr alle zu einem unvergesslichen Gruppenerlebnis gemacht.  Die Zusammenarbeit zwischen Schule und der Initiative hat bereits mehrmals gezeigt, wie wichtig es besonders in diesen Zeiten ist, dass Menschen unterschiedlicher Kulturkreise sich kennenlernen, sich gegenseitig respektieren und damit offen und tolerant Neuem gegen\u00fcber zeigen und sich so eine eigene differenzierte Meinung bilden. <\/p>\n","protected":false},"excerpt":{"rendered":"<p>Sch\u00fclerinnen und Sch\u00fcler erleben ein ganz besonderes Lauf- und Kulturprogramm Insgesamt 11 Sch\u00fclerinnen und Sch\u00fcler der ESS erlebten mit der Initiative \u201eRavensburg l\u00e4uft f\u00fcr Toleranz\u201c im Mai 2023 einen Lauf und Kultur Event in Granada. Zwischen der Initiative \u201eRavensburg l\u00e4uft f\u00fcr Toleranz\u201c (Demokratie Leben) und der Edith-Stein-Schule gibt es seit Jahren eine Kooperation, schon an &hellip; <a href=\"https:\/\/www.ess-rv.de\/?p=8281\" class=\"more-link\"><span class=\"screen-reader-text\">Ravensburg l\u00e4uft f\u00fcr Toleranz<\/span> weiterlesen <span class=\"meta-nav\">&rarr;<\/span><\/a><\/p>\n","protected":false},"author":3,"featured_media":0,"comment_status":"closed","ping_status":"closed","sticky":false,"template":"","format":"standard","meta":{"footnotes":"","_links_to":"","_links_to_target":""},"categories":[18,2,19,197,198,33],"tags":[471,70,148,157,77,54,50,254,52,49,431,217],"class_list":["post-8281","post","type-post","status-publish","format-standard","hentry","category-ausserschulische-veranstaltung","category-bildungsangebot","category-sport","category-standort-aulendorf","category-standort-ravensburg","category-veranstaltung","tag-2022-2023","tag-aulendorf","tag-berufliche-gymnasien","tag-berufsfachschule","tag-berufskolleg","tag-berufsschule","tag-engagement","tag-exkursion","tag-kooperation","tag-ravensburg","tag-spanien","tag-sport"],"_links":{"self":[{"href":"https:\/\/www.ess-rv.de\/index.php?rest_route=\/wp\/v2\/posts\/8281","targetHints":{"allow":["GET"]}}],"collection":[{"href":"https:\/\/www.ess-rv.de\/index.php?rest_route=\/wp\/v2\/posts"}],"about":[{"href":"https:\/\/www.ess-rv.de\/index.php?rest_route=\/wp\/v2\/types\/post"}],"author":[{"embeddable":true,"href":"https:\/\/www.ess-rv.de\/index.php?rest_route=\/wp\/v2\/users\/3"}],"replies":[{"embeddable":true,"href":"https:\/\/www.ess-rv.de\/index.php?rest_route=%2Fwp%2Fv2%2Fcomments&post=8281"}],"version-history":[{"count":4,"href":"https:\/\/www.ess-rv.de\/index.php?rest_route=\/wp\/v2\/posts\/8281\/revisions"}],"predecessor-version":[{"id":8288,"href":"https:\/\/www.ess-rv.de\/index.php?rest_route=\/wp\/v2\/posts\/8281\/revisions\/8288"}],"wp:attachment":[{"href":"https:\/\/www.ess-rv.de\/index.php?rest_route=%2Fwp%2Fv2%2Fmedia&parent=8281"}],"wp:term":[{"taxonomy":"category","embeddable":true,"href":"https:\/\/www.ess-rv.de\/index.php?rest_route=%2Fwp%2Fv2%2Fcategories&post=8281"},{"taxonomy":"post_tag","embeddable":true,"href":"https:\/\/www.ess-rv.de\/index.php?rest_route=%2Fwp%2Fv2%2Ftags&post=8281"}],"curies":[{"name":"wp","href":"https:\/\/api.w.org\/{rel}","templated":true}]}}