{"id":8290,"date":"2023-07-30T10:03:09","date_gmt":"2023-07-30T08:03:09","guid":{"rendered":"https:\/\/www.ess-rv.de\/?p=8290"},"modified":"2023-07-30T10:03:09","modified_gmt":"2023-07-30T08:03:09","slug":"projekttag-der-eingangsklassen","status":"publish","type":"post","link":"https:\/\/www.ess-rv.de\/?p=8290","title":{"rendered":"Projekttag der Eingangsklassen"},"content":{"rendered":"<h2 class=\"KopfTitel\">Explore, Reflect, Connect<\/h2>\n<div id='gallery-1' class='gallery galleryid-8290 gallery-columns-3 gallery-size-thumbnail'><figure class='gallery-item'>\n\t\t\t<div class='gallery-icon landscape'>\n\t\t\t\t<a href='https:\/\/www.ess-rv.de\/wp-content\/uploads\/2023\/07\/Kreis-Projekttag20072023_zugeschnitten.jpg'><img loading=\"lazy\" decoding=\"async\" width=\"215\" height=\"215\" src=\"https:\/\/www.ess-rv.de\/wp-content\/uploads\/2023\/07\/Kreis-Projekttag20072023_zugeschnitten-215x215.jpg\" class=\"attachment-thumbnail size-thumbnail\" alt=\"\" \/><\/a>\n\t\t\t<\/div><\/figure><figure class='gallery-item'>\n\t\t\t<div class='gallery-icon landscape'>\n\t\t\t\t<a href='https:\/\/www.ess-rv.de\/wp-content\/uploads\/2023\/07\/Projekttag_Kochen.jpg'><img loading=\"lazy\" decoding=\"async\" width=\"215\" height=\"215\" src=\"https:\/\/www.ess-rv.de\/wp-content\/uploads\/2023\/07\/Projekttag_Kochen-215x215.jpg\" class=\"attachment-thumbnail size-thumbnail\" alt=\"\" \/><\/a>\n\t\t\t<\/div><\/figure><figure class='gallery-item'>\n\t\t\t<div class='gallery-icon landscape'>\n\t\t\t\t<a href='https:\/\/www.ess-rv.de\/wp-content\/uploads\/2023\/07\/Projekttag_Chaos-Piloten2.jpg'><img loading=\"lazy\" decoding=\"async\" width=\"215\" height=\"215\" src=\"https:\/\/www.ess-rv.de\/wp-content\/uploads\/2023\/07\/Projekttag_Chaos-Piloten2-215x215.jpg\" class=\"attachment-thumbnail size-thumbnail\" alt=\"\" \/><\/a>\n\t\t\t<\/div><\/figure>\n\t\t<\/div>\n\n<p>Sch\u00fcler*innen der Eingangsklassen an der Edith-Stein-Schule in Ravensburg erleben in verschiedenen Workshops Schule anders. Am Donnerstag, den 20. Juli 2023, hie\u00df es f\u00fcr die Sch\u00fcler*innen der Eingangsklasse der Edith-Stein-Schule in Ravensburg: Schulb\u00fccher zu und raus aus dem klassischen Unterricht. Unter dem Motto \u201eExplore, Reflect, Connect\u201d konnten sie am Projekttag zwischen verschiedenen Workshops w\u00e4hlen. Nach einem gemeinsamen Einklang aller Sch\u00fcler*innen, angeleitet durch die Erlebnisp\u00e4dagogen Markus Freisinger und Yannik Pietrick, ging es in die Workshops. <!--more--><\/p>\n<p>\u201eAuf die B\u00fchne, fertig, los!\u201d, hie\u00df es  im Theaterworkshop mit Schauspielerin Jutta Klawuhn. Dort herrschte begeisterte Stimmung  und wurde wild geklatscht als Familie Feuerstein einen Ausflug zum Seehasenfest machte und viele andere lustige Szenen inszeniert wurden.<\/p>\n<p>Bei Filmemacher Johannes Krug besch\u00e4ftigten sich die Sch\u00fcler*innen mit der gesellschaftskritischen Satire \u201bBlack Saviour\u2019 und deren Inhalten: dem Begriff des \u201bwei\u00dfen Rettersyndroms\u2019, neokolonialen Verhaltensweisen und Stereotypen \u00fcber den afrikanischen Kontinent. Zudem erfuhren die Sch\u00fcler*innen einiges zum technischen, aber auch kreativen Entstehungsprozess eines Filmes.<\/p>\n<p>In einem Workshop mit Friedensfachkraft Gisela Wohlfahrt ging es um die Frage, was Frieden bedeutet und was ein jeder tun kann, um Gewalt und Konflikte zu verhindern. Am Beispiel Kambodscha bekamen die Sch\u00fcler*innen von Frau Wohlfahrt pers\u00f6nliche Einblicke in die Friedensarbeit und den Alltag in einem autorit\u00e4r gef\u00fchrten Land.<\/p>\n<p>Ganz anderen Herausforderungen stellten sich die Teilnehmer*innen des Workshops zum Umgang mit \u00c4ngsten mit Erlebnisp\u00e4dagogen Markus Freisinger und Jannik Pietrick. Hier wurde gelacht, geschwitzt und gezittert, wenn man sich zum Beispiel bei Vertrauens\u00fcbungen von einem Tisch in die H\u00e4nde der Mitsch\u00fcler*innen fallen lassen musste.<\/p>\n<p>G\u00e4nsehaut-Feeling entstand dagegen im Gesangsworkshop unter Leitung von Julia Boskovic. Hier lernten die Sch\u00fcler*innen ihre Stimme erst anatomisch kennen, und sorgten nach einigen Gesangs\u00fcbungen mit vielen sch\u00f6nen Liedern wie \u201eShine bright like a Diamond\u201d oder \u201eCreep\u201d f\u00fcr sch\u00f6ne Kl\u00e4nge im Schulhaus. <\/p>\n<p>Doch nicht nur die Kl\u00e4nge zogen durchs Schulhaus, sondern auch Essend\u00fcfte, denn in der Schulk\u00fcche wurde beim Wettkochen aus fairen, biologischen und regionalen Produkten Lasagne, Pizzaschnecken und anderes gezaubert. Nach dem gemeinsamen Essen wurden schlie\u00dflich die K\u00f6chinnen des Gurken-Sushis zu den Siegerinnen pr\u00e4miert.<\/p>\n<p>Alles in allem ein gelungener Vormittag, bei dem die Sch\u00fcler*innen einmal andere F\u00e4higkeiten schulen, Inhalte \u00fcber den Bildungsplan hinaus erwerben und sich von einer anderen Seite zeigen konnten. <\/p>\n","protected":false},"excerpt":{"rendered":"<p>Explore, Reflect, Connect Sch\u00fcler*innen der Eingangsklassen an der Edith-Stein-Schule in Ravensburg erleben in verschiedenen Workshops Schule anders. Am Donnerstag, den 20. Juli 2023, hie\u00df es f\u00fcr die Sch\u00fcler*innen der Eingangsklasse der Edith-Stein-Schule in Ravensburg: Schulb\u00fccher zu und raus aus dem klassischen Unterricht. Unter dem Motto \u201eExplore, Reflect, Connect\u201d konnten sie am Projekttag zwischen verschiedenen Workshops &hellip; <a href=\"https:\/\/www.ess-rv.de\/?p=8290\" class=\"more-link\"><span class=\"screen-reader-text\">Projekttag der Eingangsklassen<\/span> weiterlesen <span class=\"meta-nav\">&rarr;<\/span><\/a><\/p>\n","protected":false},"author":3,"featured_media":0,"comment_status":"closed","ping_status":"closed","sticky":false,"template":"","format":"standard","meta":{"footnotes":"","_links_to":"","_links_to_target":""},"categories":[199,18,29,2,200,201,117,202,402,203,47,65,108],"tags":[471,148,50,118,67,49,137,84],"class_list":["post-8290","post","type-post","status-publish","format-standard","hentry","category-ag","category-ausserschulische-veranstaltung","category-berufliche-gymnasien","category-bildungsangebot","category-btg","category-eg","category-erlebnispaedagogik","category-gg","category-projekttag","category-sg","category-soziales-engagement","category-theater","category-umweltschutz","tag-2022-2023","tag-berufliche-gymnasien","tag-engagement","tag-erlebnispaedagogik","tag-projekt","tag-ravensburg","tag-umweltschutz","tag-unesco"],"_links":{"self":[{"href":"https:\/\/www.ess-rv.de\/index.php?rest_route=\/wp\/v2\/posts\/8290","targetHints":{"allow":["GET"]}}],"collection":[{"href":"https:\/\/www.ess-rv.de\/index.php?rest_route=\/wp\/v2\/posts"}],"about":[{"href":"https:\/\/www.ess-rv.de\/index.php?rest_route=\/wp\/v2\/types\/post"}],"author":[{"embeddable":true,"href":"https:\/\/www.ess-rv.de\/index.php?rest_route=\/wp\/v2\/users\/3"}],"replies":[{"embeddable":true,"href":"https:\/\/www.ess-rv.de\/index.php?rest_route=%2Fwp%2Fv2%2Fcomments&post=8290"}],"version-history":[{"count":1,"href":"https:\/\/www.ess-rv.de\/index.php?rest_route=\/wp\/v2\/posts\/8290\/revisions"}],"predecessor-version":[{"id":8294,"href":"https:\/\/www.ess-rv.de\/index.php?rest_route=\/wp\/v2\/posts\/8290\/revisions\/8294"}],"wp:attachment":[{"href":"https:\/\/www.ess-rv.de\/index.php?rest_route=%2Fwp%2Fv2%2Fmedia&parent=8290"}],"wp:term":[{"taxonomy":"category","embeddable":true,"href":"https:\/\/www.ess-rv.de\/index.php?rest_route=%2Fwp%2Fv2%2Fcategories&post=8290"},{"taxonomy":"post_tag","embeddable":true,"href":"https:\/\/www.ess-rv.de\/index.php?rest_route=%2Fwp%2Fv2%2Ftags&post=8290"}],"curies":[{"name":"wp","href":"https:\/\/api.w.org\/{rel}","templated":true}]}}